{"id":21715,"date":"2019-08-23T15:21:46","date_gmt":"2019-08-23T15:21:46","guid":{"rendered":"https:\/\/sertv.gob.pa\/crisolfm\/?p=21715"},"modified":"2019-08-23T15:21:46","modified_gmt":"2019-08-23T15:21:46","slug":"conferencista-mexicano-daniel-habif-llega-a-panama","status":"publish","type":"post","link":"https:\/\/sertv.gob.pa\/crisolfm\/conferencista-mexicano-daniel-habif-llega-a-panama\/","title":{"rendered":"Conferencista mexicano, Daniel Habif, llega a Panam\u00e1"},"content":{"rendered":"<p>Este 27 de agosto, el conferencista Daniel Habif se presentar\u00e1 en Panam\u00e1. El influenciador mexicano es descrito por algunos como una de las voces m\u00e1s impactantes de habla hispana con \u2018Inquebrantables tour 2019&#8242;. Podr\u00e1 adquirir las entradas ya en www.ticketplus.com.pa. La cita ser\u00e1 en el Centro de Convenciones Atlapa.<\/p>\n<p>Habif particip\u00f3 recientemente como el \u2018Speaker latino&#8217; que antecedi\u00f3 la conferencia del expresidente de los Estados Unidos Barak Obama, en la ciudad de Bogot\u00e1, Colombia, frente a m\u00e1s de 10 mil personas. Ha sido reconocido con las llaves de la ciudad de Miami, ha sido honrado por el estado de California por su gran contribuci\u00f3n a la mejora y servicio de la comunidad hispana, tambi\u00e9n considerado el conferencista m\u00e1s influyente de habla hispana por la ciudad de Los \u00c1ngeles.<\/p>\n","protected":false},"excerpt":{"rendered":"<p>Este 27 de agosto, el conferencista Daniel Habif se presentar\u00e1 <a href=\"https:\/\/sertv.gob.pa\/crisolfm\/conferencista-mexicano-daniel-habif-llega-a-panama\/\"> [&#8230;]<\/a><\/p>\n","protected":false},"author":64,"featured_media":21716,"comment_status":"closed","ping_status":"closed","sticky":false,"template":"","format":"standard","meta":{"footnotes":""},"categories":[6],"tags":[],"class_list":["post-21715","post","type-post","status-publish","format-standard","has-post-thumbnail","hentry","category-culturales"],"_links":{"self":[{"href":"https:\/\/sertv.gob.pa\/crisolfm\/wp-json\/wp\/v2\/posts\/21715","targetHints":{"allow":["GET"]}}],"collection":[{"href":"https:\/\/sertv.gob.pa\/crisolfm\/wp-json\/wp\/v2\/posts"}],"about":[{"href":"https:\/\/sertv.gob.pa\/crisolfm\/wp-json\/wp\/v2\/types\/post"}],"author":[{"embeddable":true,"href":"https:\/\/sertv.gob.pa\/crisolfm\/wp-json\/wp\/v2\/users\/64"}],"replies":[{"embeddable":true,"href":"https:\/\/sertv.gob.pa\/crisolfm\/wp-json\/wp\/v2\/comments?post=21715"}],"version-history":[{"count":1,"href":"https:\/\/sertv.gob.pa\/crisolfm\/wp-json\/wp\/v2\/posts\/21715\/revisions"}],"predecessor-version":[{"id":21717,"href":"https:\/\/sertv.gob.pa\/crisolfm\/wp-json\/wp\/v2\/posts\/21715\/revisions\/21717"}],"wp:featuredmedia":[{"embeddable":true,"href":"https:\/\/sertv.gob.pa\/crisolfm\/wp-json\/wp\/v2\/media\/21716"}],"wp:attachment":[{"href":"https:\/\/sertv.gob.pa\/crisolfm\/wp-json\/wp\/v2\/media?parent=21715"}],"wp:term":[{"taxonomy":"category","embeddable":true,"href":"https:\/\/sertv.gob.pa\/crisolfm\/wp-json\/wp\/v2\/categories?post=21715"},{"taxonomy":"post_tag","embeddable":true,"href":"https:\/\/sertv.gob.pa\/crisolfm\/wp-json\/wp\/v2\/tags?post=21715"}],"curies":[{"name":"wp","href":"https:\/\/api.w.org\/{rel}","templated":true}]}}