{"id":21724,"date":"2019-08-23T18:19:13","date_gmt":"2019-08-23T18:19:13","guid":{"rendered":"https:\/\/sertv.gob.pa\/crisolfm\/?p=21724"},"modified":"2019-08-23T18:19:13","modified_gmt":"2019-08-23T18:19:13","slug":"francia-acusa-a-jair-bolsonaro-de-mentir-sobre-el-clima","status":"publish","type":"post","link":"https:\/\/sertv.gob.pa\/crisolfm\/francia-acusa-a-jair-bolsonaro-de-mentir-sobre-el-clima\/","title":{"rendered":"Francia acusa a Jair Bolsonaro de &#8216;mentir&#8217; sobre el clima"},"content":{"rendered":"<p>El presidente franc\u00e9s, Emmanuel Macron, considera que su hom\u00f3logo brasile\u00f1o Jair Bolsonaro \u00abminti\u00f3\u00bb sobre sus compromisos en favor del medio ambiente, y anunci\u00f3 el viernes que, en estas condiciones, Francia se opone al acuerdo de libre comercio UE-Mercosur.\u00a0 \u00abTeniendo en cuenta la actitud de Brasil de las \u00faltimas semanas, el presidente de la Rep\u00fablica constata que el presidente Bolsonaro le minti\u00f3 en la cumbre (del G20) de Osaka\u00bb, declar\u00f3 la presidencia francesa, que considera que \u00abel presidente Bolsonaro decidi\u00f3 no respetar sus compromisos clim\u00e1ticos\u00bb ni sobre \u00abbiodiversidad\u00bb.\u00a0 \u00abEn esas condiciones, Francia se opone al acuerdo Mercosur (con la UE) en el estado actual\u00bb, agreg\u00f3 el El\u00edseo.<\/p>\n<p>Los incendios que asolan la Amazon\u00eda se est\u00e1n convirtiendo en un tema diplom\u00e1tico de primera importancia con m\u00faltiples repercusiones internacionales, en medio de llamados provenientes de todas partes a salvar el \u00abpulm\u00f3n del planeta\u00bb.\u00a0 Macron solicit\u00f3 el jueves que los incendios en la Amazon\u00eda, a los que tild\u00f3 de \u00abcrisis internacional\u00bb, fueran tratados en la cumbre del G7 que se celebra este fin de semana en Biarritz (sudoeste de Francia).<\/p>\n<p>&nbsp;<\/p>\n<p>AFP<\/p>\n","protected":false},"excerpt":{"rendered":"<p>El presidente franc\u00e9s, Emmanuel Macron, considera que su hom\u00f3logo brasile\u00f1o <a href=\"https:\/\/sertv.gob.pa\/crisolfm\/francia-acusa-a-jair-bolsonaro-de-mentir-sobre-el-clima\/\"> [&#8230;]<\/a><\/p>\n","protected":false},"author":64,"featured_media":21725,"comment_status":"closed","ping_status":"closed","sticky":false,"template":"","format":"standard","meta":{"footnotes":""},"categories":[7],"tags":[],"class_list":["post-21724","post","type-post","status-publish","format-standard","has-post-thumbnail","hentry","category-ecologicas"],"_links":{"self":[{"href":"https:\/\/sertv.gob.pa\/crisolfm\/wp-json\/wp\/v2\/posts\/21724","targetHints":{"allow":["GET"]}}],"collection":[{"href":"https:\/\/sertv.gob.pa\/crisolfm\/wp-json\/wp\/v2\/posts"}],"about":[{"href":"https:\/\/sertv.gob.pa\/crisolfm\/wp-json\/wp\/v2\/types\/post"}],"author":[{"embeddable":true,"href":"https:\/\/sertv.gob.pa\/crisolfm\/wp-json\/wp\/v2\/users\/64"}],"replies":[{"embeddable":true,"href":"https:\/\/sertv.gob.pa\/crisolfm\/wp-json\/wp\/v2\/comments?post=21724"}],"version-history":[{"count":1,"href":"https:\/\/sertv.gob.pa\/crisolfm\/wp-json\/wp\/v2\/posts\/21724\/revisions"}],"predecessor-version":[{"id":21726,"href":"https:\/\/sertv.gob.pa\/crisolfm\/wp-json\/wp\/v2\/posts\/21724\/revisions\/21726"}],"wp:featuredmedia":[{"embeddable":true,"href":"https:\/\/sertv.gob.pa\/crisolfm\/wp-json\/wp\/v2\/media\/21725"}],"wp:attachment":[{"href":"https:\/\/sertv.gob.pa\/crisolfm\/wp-json\/wp\/v2\/media?parent=21724"}],"wp:term":[{"taxonomy":"category","embeddable":true,"href":"https:\/\/sertv.gob.pa\/crisolfm\/wp-json\/wp\/v2\/categories?post=21724"},{"taxonomy":"post_tag","embeddable":true,"href":"https:\/\/sertv.gob.pa\/crisolfm\/wp-json\/wp\/v2\/tags?post=21724"}],"curies":[{"name":"wp","href":"https:\/\/api.w.org\/{rel}","templated":true}]}}