{"id":21729,"date":"2019-08-26T13:28:25","date_gmt":"2019-08-26T13:28:25","guid":{"rendered":"https:\/\/sertv.gob.pa\/crisolfm\/?p=21729"},"modified":"2019-08-26T13:28:25","modified_gmt":"2019-08-26T13:28:25","slug":"g7-desbloqueara-ayuda-de-emergencia-para-enviar-aviones-hidrantes-a-la-amazonia","status":"publish","type":"post","link":"https:\/\/sertv.gob.pa\/crisolfm\/g7-desbloqueara-ayuda-de-emergencia-para-enviar-aviones-hidrantes-a-la-amazonia\/","title":{"rendered":"G7 desbloquear\u00e1 ayuda de emergencia para enviar aviones hidrantes a la Amazon\u00eda"},"content":{"rendered":"<p>El G7 decidi\u00f3 desbloquear una ayuda de urgencia de 20 millones de euros (22 millones de d\u00f3lares) para la Amazon\u00eda, principalmente destinados al env\u00edo de aviones bombarderos de agua que luchen contra los incendios, indicaron el presidente franc\u00e9s Emmanuel Macron y su hom\u00f3logo chileno Sebasti\u00e1n Pi\u00f1era.\u00a0 Adem\u00e1s del env\u00edo de una flota a\u00e9rea, el G7 decidi\u00f3 un plan de ayuda a mediano plazo destinado a la reforestaci\u00f3n que ser\u00e1 presentado a la Asamblea General de la ONU a fines de septiembre.\u00a0 Para ese plan ser\u00e1 necesario el acuerdo de Brasil y un trabajo con las ONG y las poblaciones locales.<\/p>\n<p>Esta \u00abiniciativa para la Amazon\u00eda\u00bb fue anunciada tras una sesi\u00f3n de la cumbre del G7 consagrada al medio ambiente, durante la cual se abord\u00f3 la situaci\u00f3n que atraviesa la selva amaz\u00f3nica. Emmanuel Macron ha hecho de la situaci\u00f3n de la Amazon\u00eda una de las prioridades del encuentro, llamando el s\u00e1bado a la \u00abmovilizaci\u00f3n de todas las potencias\u00bb para luchar contra el fuego y reforestar.<\/p>\n<p>AFP<\/p>\n","protected":false},"excerpt":{"rendered":"<p>El G7 decidi\u00f3 desbloquear una ayuda de urgencia de 20 <a href=\"https:\/\/sertv.gob.pa\/crisolfm\/g7-desbloqueara-ayuda-de-emergencia-para-enviar-aviones-hidrantes-a-la-amazonia\/\"> [&#8230;]<\/a><\/p>\n","protected":false},"author":64,"featured_media":21730,"comment_status":"closed","ping_status":"closed","sticky":false,"template":"","format":"standard","meta":{"footnotes":""},"categories":[7],"tags":[],"class_list":["post-21729","post","type-post","status-publish","format-standard","has-post-thumbnail","hentry","category-ecologicas"],"_links":{"self":[{"href":"https:\/\/sertv.gob.pa\/crisolfm\/wp-json\/wp\/v2\/posts\/21729","targetHints":{"allow":["GET"]}}],"collection":[{"href":"https:\/\/sertv.gob.pa\/crisolfm\/wp-json\/wp\/v2\/posts"}],"about":[{"href":"https:\/\/sertv.gob.pa\/crisolfm\/wp-json\/wp\/v2\/types\/post"}],"author":[{"embeddable":true,"href":"https:\/\/sertv.gob.pa\/crisolfm\/wp-json\/wp\/v2\/users\/64"}],"replies":[{"embeddable":true,"href":"https:\/\/sertv.gob.pa\/crisolfm\/wp-json\/wp\/v2\/comments?post=21729"}],"version-history":[{"count":1,"href":"https:\/\/sertv.gob.pa\/crisolfm\/wp-json\/wp\/v2\/posts\/21729\/revisions"}],"predecessor-version":[{"id":21731,"href":"https:\/\/sertv.gob.pa\/crisolfm\/wp-json\/wp\/v2\/posts\/21729\/revisions\/21731"}],"wp:featuredmedia":[{"embeddable":true,"href":"https:\/\/sertv.gob.pa\/crisolfm\/wp-json\/wp\/v2\/media\/21730"}],"wp:attachment":[{"href":"https:\/\/sertv.gob.pa\/crisolfm\/wp-json\/wp\/v2\/media?parent=21729"}],"wp:term":[{"taxonomy":"category","embeddable":true,"href":"https:\/\/sertv.gob.pa\/crisolfm\/wp-json\/wp\/v2\/categories?post=21729"},{"taxonomy":"post_tag","embeddable":true,"href":"https:\/\/sertv.gob.pa\/crisolfm\/wp-json\/wp\/v2\/tags?post=21729"}],"curies":[{"name":"wp","href":"https:\/\/api.w.org\/{rel}","templated":true}]}}