{"id":21744,"date":"2019-08-26T14:13:19","date_gmt":"2019-08-26T14:13:19","guid":{"rendered":"https:\/\/sertv.gob.pa\/crisolfm\/?p=21744"},"modified":"2019-08-26T14:13:19","modified_gmt":"2019-08-26T14:13:19","slug":"boquete-celebra-el-primer-festival-del-bajareque","status":"publish","type":"post","link":"https:\/\/sertv.gob.pa\/crisolfm\/boquete-celebra-el-primer-festival-del-bajareque\/","title":{"rendered":"Boquete celebra el primer festival del Bajareque"},"content":{"rendered":"<p>El Municipio de Boquete organiza el Primer Festival de Invierno: Bajareque 2019, del 7 al 8 de septiembre de 2019.<\/p>\n<p>El evento que cerrar\u00e1 con broche de oro las vacaciones de medio a\u00f1o, contar\u00e1 con un amplio espacio culinario, degustaciones, foodtrucks, premios, artistas, regalos y competencias, desde las 12:00 mediod\u00eda en los terrenos de la Feria de Boquete.<\/p>\n<p>Entrada general: B\/ 5.00 (boleto v\u00e1lido para ambos d\u00edas y con el derecho de participar en la t\u00f3mbola).<\/p>\n<p>&nbsp;<\/p>\n","protected":false},"excerpt":{"rendered":"<p>El Municipio de Boquete organiza el Primer Festival de Invierno: <a href=\"https:\/\/sertv.gob.pa\/crisolfm\/boquete-celebra-el-primer-festival-del-bajareque\/\"> [&#8230;]<\/a><\/p>\n","protected":false},"author":64,"featured_media":21745,"comment_status":"closed","ping_status":"closed","sticky":false,"template":"","format":"standard","meta":{"footnotes":""},"categories":[6],"tags":[],"class_list":["post-21744","post","type-post","status-publish","format-standard","has-post-thumbnail","hentry","category-culturales"],"_links":{"self":[{"href":"https:\/\/sertv.gob.pa\/crisolfm\/wp-json\/wp\/v2\/posts\/21744","targetHints":{"allow":["GET"]}}],"collection":[{"href":"https:\/\/sertv.gob.pa\/crisolfm\/wp-json\/wp\/v2\/posts"}],"about":[{"href":"https:\/\/sertv.gob.pa\/crisolfm\/wp-json\/wp\/v2\/types\/post"}],"author":[{"embeddable":true,"href":"https:\/\/sertv.gob.pa\/crisolfm\/wp-json\/wp\/v2\/users\/64"}],"replies":[{"embeddable":true,"href":"https:\/\/sertv.gob.pa\/crisolfm\/wp-json\/wp\/v2\/comments?post=21744"}],"version-history":[{"count":1,"href":"https:\/\/sertv.gob.pa\/crisolfm\/wp-json\/wp\/v2\/posts\/21744\/revisions"}],"predecessor-version":[{"id":21746,"href":"https:\/\/sertv.gob.pa\/crisolfm\/wp-json\/wp\/v2\/posts\/21744\/revisions\/21746"}],"wp:featuredmedia":[{"embeddable":true,"href":"https:\/\/sertv.gob.pa\/crisolfm\/wp-json\/wp\/v2\/media\/21745"}],"wp:attachment":[{"href":"https:\/\/sertv.gob.pa\/crisolfm\/wp-json\/wp\/v2\/media?parent=21744"}],"wp:term":[{"taxonomy":"category","embeddable":true,"href":"https:\/\/sertv.gob.pa\/crisolfm\/wp-json\/wp\/v2\/categories?post=21744"},{"taxonomy":"post_tag","embeddable":true,"href":"https:\/\/sertv.gob.pa\/crisolfm\/wp-json\/wp\/v2\/tags?post=21744"}],"curies":[{"name":"wp","href":"https:\/\/api.w.org\/{rel}","templated":true}]}}