{"id":21757,"date":"2019-08-26T15:16:33","date_gmt":"2019-08-26T15:16:33","guid":{"rendered":"https:\/\/sertv.gob.pa\/crisolfm\/?p=21757"},"modified":"2019-08-26T15:16:33","modified_gmt":"2019-08-26T15:16:33","slug":"bla-bla-bla-en-el-g7-ante-la-crisis-climatica","status":"publish","type":"post","link":"https:\/\/sertv.gob.pa\/crisolfm\/bla-bla-bla-en-el-g7-ante-la-crisis-climatica\/","title":{"rendered":"Bla, bla, bla en el G7 ante la crisis clim\u00e1tica"},"content":{"rendered":"<p>En respuesta a las declaraciones del presidente franc\u00e9s Emmanuel Macron, demandando<strong>\u00a0incluir los incendios de la selva amaz\u00f3nica <\/strong>en la agenda de la Cumbre del G7\u00a0de este fin de semana, la directora ejecutiva de Greenpeace Internacional, Jennifer Morgan, ha declarado:<\/p>\n<p>\u201cEsta es una emergencia clim\u00e1tica que exige una acci\u00f3n urgente a la altura de los retos a los que nos enfrentamos.\u00a0Brasil tiene la responsabilidad ante el mundo de proteger los pulmones de la Tierra,\u00a0pero los l\u00edderes del G7 no deben usar los incendios del Amazonas como una cortina de humo para ocultar sus propios fracasos. Los l\u00edderes del G7 deben <strong>demostrar al mundo que est\u00e1n actuando frente a la crisis clim\u00e1tica<\/strong> y que adoptan r\u00e1pidamente soluciones clave\u201d.<\/p>\n<p>\u201cAl mismo tiempo que arden enormes extensiones de bosques en Siberia y la Amazonia, el reciente\u00a0informe sobre usos del suelo del\u00a0IPCC\u00a0ha puesto de manifiesto la necesidad de proteger y restaurar los bosques, as\u00ed como de efectuar cambios radicales en el sistema alimentario mundial. El <strong>consumo de carne y l\u00e1cteos debe reducirse en un 50%<\/strong> a nivel mundial para 2050 y los pa\u00edses ricos como el G7 deber\u00edan reducirlo a\u00fan m\u00e1s\u201d.<\/p>\n<p>\u201cLos l\u00edderes del G7 tienen el deber de actuar con todo lo que est\u00e9 a su alcance para\u00a0poner fin al uso de combustibles f\u00f3siles, proteger los bosques del mundo y liderar el cambio del modelo agr\u00edcola. Y esta cumbre es el momento para que se comprometan a ello. Nuestros bosques y nuestras esperanzas se est\u00e1n quedando sin tiempo. Los lamentos por los incendios de la Amazonia y las ofertas de ayuda est\u00e1n bien, pero son, lamentablemente, insuficientes\u00a0\u201c.<\/p>\n<p>&nbsp;<\/p>\n<p>ECOticias<\/p>\n","protected":false},"excerpt":{"rendered":"<p>En respuesta a las declaraciones del presidente franc\u00e9s Emmanuel Macron, <a href=\"https:\/\/sertv.gob.pa\/crisolfm\/bla-bla-bla-en-el-g7-ante-la-crisis-climatica\/\"> [&#8230;]<\/a><\/p>\n","protected":false},"author":64,"featured_media":21758,"comment_status":"closed","ping_status":"closed","sticky":false,"template":"","format":"standard","meta":{"footnotes":""},"categories":[7],"tags":[],"class_list":["post-21757","post","type-post","status-publish","format-standard","has-post-thumbnail","hentry","category-ecologicas"],"_links":{"self":[{"href":"https:\/\/sertv.gob.pa\/crisolfm\/wp-json\/wp\/v2\/posts\/21757","targetHints":{"allow":["GET"]}}],"collection":[{"href":"https:\/\/sertv.gob.pa\/crisolfm\/wp-json\/wp\/v2\/posts"}],"about":[{"href":"https:\/\/sertv.gob.pa\/crisolfm\/wp-json\/wp\/v2\/types\/post"}],"author":[{"embeddable":true,"href":"https:\/\/sertv.gob.pa\/crisolfm\/wp-json\/wp\/v2\/users\/64"}],"replies":[{"embeddable":true,"href":"https:\/\/sertv.gob.pa\/crisolfm\/wp-json\/wp\/v2\/comments?post=21757"}],"version-history":[{"count":1,"href":"https:\/\/sertv.gob.pa\/crisolfm\/wp-json\/wp\/v2\/posts\/21757\/revisions"}],"predecessor-version":[{"id":21759,"href":"https:\/\/sertv.gob.pa\/crisolfm\/wp-json\/wp\/v2\/posts\/21757\/revisions\/21759"}],"wp:featuredmedia":[{"embeddable":true,"href":"https:\/\/sertv.gob.pa\/crisolfm\/wp-json\/wp\/v2\/media\/21758"}],"wp:attachment":[{"href":"https:\/\/sertv.gob.pa\/crisolfm\/wp-json\/wp\/v2\/media?parent=21757"}],"wp:term":[{"taxonomy":"category","embeddable":true,"href":"https:\/\/sertv.gob.pa\/crisolfm\/wp-json\/wp\/v2\/categories?post=21757"},{"taxonomy":"post_tag","embeddable":true,"href":"https:\/\/sertv.gob.pa\/crisolfm\/wp-json\/wp\/v2\/tags?post=21757"}],"curies":[{"name":"wp","href":"https:\/\/api.w.org\/{rel}","templated":true}]}}