{"id":21760,"date":"2019-08-26T15:21:53","date_gmt":"2019-08-26T15:21:53","guid":{"rendered":"https:\/\/sertv.gob.pa\/crisolfm\/?p=21760"},"modified":"2019-08-26T15:21:53","modified_gmt":"2019-08-26T15:21:53","slug":"la-deforestacion-causa-principal-del-incendio-de-la-amazonia","status":"publish","type":"post","link":"https:\/\/sertv.gob.pa\/crisolfm\/la-deforestacion-causa-principal-del-incendio-de-la-amazonia\/","title":{"rendered":"La deforestaci\u00f3n, causa principal del incendio de la Amazonia"},"content":{"rendered":"<p>En los \u00faltimos d\u00edas, <strong>los incendios forestales han estado devastando la regi\u00f3n amaz\u00f3nica brasile\u00f1a<\/strong>. El n\u00famero de focos de incendios registrados en la Amazon\u00eda brasile\u00f1a en 2019 es uno de los m\u00e1s grandes en los \u00faltimos a\u00f1os.<\/p>\n<p>El n\u00famero de incendios forestales es mayor en las regiones amaz\u00f3nicas m\u00e1s afectadas por las pr\u00e1cticas de deforestaci\u00f3n, ya que los incendios son una de las principales herramientas utilizadas para la deforestaci\u00f3n, incluidos los provocados por los agricultores.<\/p>\n<p>Ocho de cada diez de los municipios afectados por incendios tambi\u00e9n han registrado el <strong>mayor n\u00famero de alertas de deforestaci\u00f3n<\/strong>, seg\u00fan datos del Instituto Nacional de Investigaci\u00f3n Espacial (INPE) (1 y 2).<\/p>\n<p>Danicley Aguiar, portavoz de Greenpeace Brasil, ha declarado:\u00a0\u201cLas acciones y pol\u00edticas del gobierno de Bolsonaro animan a quienes destruyen el Amazonas y permiten que la deforestaci\u00f3n contin\u00fae. Desde que asumi\u00f3 el cargo, el gobierno actual ha estado desmantelando sistem\u00e1ticamente la pol\u00edtica ambiental de Brasil\u201d.<\/p>\n<p>&nbsp;<\/p>\n<p>ECOticias<\/p>\n","protected":false},"excerpt":{"rendered":"<p>En los \u00faltimos d\u00edas, los incendios forestales han estado devastando <a href=\"https:\/\/sertv.gob.pa\/crisolfm\/la-deforestacion-causa-principal-del-incendio-de-la-amazonia\/\"> [&#8230;]<\/a><\/p>\n","protected":false},"author":64,"featured_media":21761,"comment_status":"closed","ping_status":"closed","sticky":false,"template":"","format":"standard","meta":{"footnotes":""},"categories":[7],"tags":[],"class_list":["post-21760","post","type-post","status-publish","format-standard","has-post-thumbnail","hentry","category-ecologicas"],"_links":{"self":[{"href":"https:\/\/sertv.gob.pa\/crisolfm\/wp-json\/wp\/v2\/posts\/21760","targetHints":{"allow":["GET"]}}],"collection":[{"href":"https:\/\/sertv.gob.pa\/crisolfm\/wp-json\/wp\/v2\/posts"}],"about":[{"href":"https:\/\/sertv.gob.pa\/crisolfm\/wp-json\/wp\/v2\/types\/post"}],"author":[{"embeddable":true,"href":"https:\/\/sertv.gob.pa\/crisolfm\/wp-json\/wp\/v2\/users\/64"}],"replies":[{"embeddable":true,"href":"https:\/\/sertv.gob.pa\/crisolfm\/wp-json\/wp\/v2\/comments?post=21760"}],"version-history":[{"count":1,"href":"https:\/\/sertv.gob.pa\/crisolfm\/wp-json\/wp\/v2\/posts\/21760\/revisions"}],"predecessor-version":[{"id":21762,"href":"https:\/\/sertv.gob.pa\/crisolfm\/wp-json\/wp\/v2\/posts\/21760\/revisions\/21762"}],"wp:featuredmedia":[{"embeddable":true,"href":"https:\/\/sertv.gob.pa\/crisolfm\/wp-json\/wp\/v2\/media\/21761"}],"wp:attachment":[{"href":"https:\/\/sertv.gob.pa\/crisolfm\/wp-json\/wp\/v2\/media?parent=21760"}],"wp:term":[{"taxonomy":"category","embeddable":true,"href":"https:\/\/sertv.gob.pa\/crisolfm\/wp-json\/wp\/v2\/categories?post=21760"},{"taxonomy":"post_tag","embeddable":true,"href":"https:\/\/sertv.gob.pa\/crisolfm\/wp-json\/wp\/v2\/tags?post=21760"}],"curies":[{"name":"wp","href":"https:\/\/api.w.org\/{rel}","templated":true}]}}