{"id":21766,"date":"2019-08-27T13:30:24","date_gmt":"2019-08-27T13:30:24","guid":{"rendered":"https:\/\/sertv.gob.pa\/crisolfm\/?p=21766"},"modified":"2019-08-27T13:30:24","modified_gmt":"2019-08-27T13:30:24","slug":"la-asamblea-nacional-crea-comision-para-investigar-la-tala-masiva-en-darien","status":"publish","type":"post","link":"https:\/\/sertv.gob.pa\/crisolfm\/la-asamblea-nacional-crea-comision-para-investigar-la-tala-masiva-en-darien\/","title":{"rendered":"La Asamblea Nacional crea comisi\u00f3n para investigar la tala masiva en Dari\u00e9n"},"content":{"rendered":"<p>El pleno de la Asamblea Nacional aprob\u00f3 la noche de este lunes 26 de agosto una propuesta que crea una comisi\u00f3n especial que se encargar\u00e1 de investigar la situaci\u00f3n actual relativa a la conservaci\u00f3n de los bosques en la provincia de Dari\u00e9n.<\/p>\n<p>Esta comisi\u00f3n, que tendr\u00e1 como misi\u00f3n hacer una \u00abinvestigaci\u00f3n minuciosa\u00bb sobre las denuncias de tala masiva de bosques en esa provincia, estar\u00e1 integrada por los diputados Edison Broce, Juan Diego V\u00e1squez, independientes; Cenobia Vargas y Alina Gonz\u00e1lez, PRD; Arnulfo D\u00edaz, de Cambio Democr\u00e1tico; Corina Cano, del Molirena; e Itzi Atencio, del paname\u00f1ismo.<\/p>\n<p>Tendr\u00e1 igualmente la facultad de citar a los funcionarios y organizaciones ambientales que guarden relaci\u00f3n con la labor de conservaci\u00f3n ambiental y prevenci\u00f3n de la tala indiscriminada de \u00e1rboles en Dari\u00e9n.<\/p>\n<p>&nbsp;<\/p>\n<p>&nbsp;<\/p>\n<p>&nbsp;<\/p>\n","protected":false},"excerpt":{"rendered":"<p>El pleno de la Asamblea Nacional aprob\u00f3 la noche de <a href=\"https:\/\/sertv.gob.pa\/crisolfm\/la-asamblea-nacional-crea-comision-para-investigar-la-tala-masiva-en-darien\/\"> [&#8230;]<\/a><\/p>\n","protected":false},"author":64,"featured_media":21767,"comment_status":"closed","ping_status":"closed","sticky":false,"template":"","format":"standard","meta":{"footnotes":""},"categories":[7],"tags":[],"class_list":["post-21766","post","type-post","status-publish","format-standard","has-post-thumbnail","hentry","category-ecologicas"],"_links":{"self":[{"href":"https:\/\/sertv.gob.pa\/crisolfm\/wp-json\/wp\/v2\/posts\/21766","targetHints":{"allow":["GET"]}}],"collection":[{"href":"https:\/\/sertv.gob.pa\/crisolfm\/wp-json\/wp\/v2\/posts"}],"about":[{"href":"https:\/\/sertv.gob.pa\/crisolfm\/wp-json\/wp\/v2\/types\/post"}],"author":[{"embeddable":true,"href":"https:\/\/sertv.gob.pa\/crisolfm\/wp-json\/wp\/v2\/users\/64"}],"replies":[{"embeddable":true,"href":"https:\/\/sertv.gob.pa\/crisolfm\/wp-json\/wp\/v2\/comments?post=21766"}],"version-history":[{"count":1,"href":"https:\/\/sertv.gob.pa\/crisolfm\/wp-json\/wp\/v2\/posts\/21766\/revisions"}],"predecessor-version":[{"id":21768,"href":"https:\/\/sertv.gob.pa\/crisolfm\/wp-json\/wp\/v2\/posts\/21766\/revisions\/21768"}],"wp:featuredmedia":[{"embeddable":true,"href":"https:\/\/sertv.gob.pa\/crisolfm\/wp-json\/wp\/v2\/media\/21767"}],"wp:attachment":[{"href":"https:\/\/sertv.gob.pa\/crisolfm\/wp-json\/wp\/v2\/media?parent=21766"}],"wp:term":[{"taxonomy":"category","embeddable":true,"href":"https:\/\/sertv.gob.pa\/crisolfm\/wp-json\/wp\/v2\/categories?post=21766"},{"taxonomy":"post_tag","embeddable":true,"href":"https:\/\/sertv.gob.pa\/crisolfm\/wp-json\/wp\/v2\/tags?post=21766"}],"curies":[{"name":"wp","href":"https:\/\/api.w.org\/{rel}","templated":true}]}}