{"id":21794,"date":"2019-08-27T15:27:38","date_gmt":"2019-08-27T15:27:38","guid":{"rendered":"https:\/\/sertv.gob.pa\/crisolfm\/?p=21794"},"modified":"2019-08-27T15:27:38","modified_gmt":"2019-08-27T15:27:38","slug":"las-llamas-del-amazonas-ya-han-alcanzado-bolivia","status":"publish","type":"post","link":"https:\/\/sertv.gob.pa\/crisolfm\/las-llamas-del-amazonas-ya-han-alcanzado-bolivia\/","title":{"rendered":"Las llamas del Amazonas ya han alcanzado Bolivia"},"content":{"rendered":"<p>Aunque el foco informativo est\u00e1 centrado en Brasil y en las pol\u00edticas ambientales del presidente Bolsonaro, donde est\u00e1 concentrado el mayor n\u00famero de incendios,\u00a0las llamas tambi\u00e9n han alcanzado otras regiones como el bosque<strong> Chiquitano, el Chaco, el Pantanal y el Cerrado, tanto en Bolivia como en Paraguay<\/strong>.<\/p>\n<p>Adem\u00e1s, tristemente, tras tres semanas de incendios, no nos llegan buenas noticias desde Bolivia. Durante este fin de semana, los vientos han reavivado los fuegos de Chiquitania y Pantanal con\u00a0355 focos activos. En el Cerrado, Chaco y Pantanal, 220.000 hect\u00e1reas de tres \u00e1reas protegidas (30.000 hect\u00e1reas, que representan un 10%, de la <strong>Unidad de Conservaci\u00f3n del Patrimonio Natural <\/strong>y \u00c1rea Protegida Tucabaca; 100.000 hect\u00e1reas en el Parque Nacional y \u00c1rea Natural de Manejo Integrado Otuquis; y 90.000 hect\u00e1reas en el \u00c1rea de Conservaci\u00f3n \u00d1emby Guazu).<\/p>\n<p>En algunos puntos, los incendios han entrado en Bolivia desde Paraguay y Brasil. Esto demuestra que este es un problema transfronterizo, ya que los incendios no est\u00e1n limitados por l\u00edmites geogr\u00e1ficos. En algunos casos, parece que los incendios incluso cruzaron r\u00edos. Estamos ante una<strong> emergencia global<\/strong>: si perdemos el Amazonas, perdemos la lucha contra el cambio clim\u00e1tico.<\/p>\n<p>ECOticias<\/p>\n","protected":false},"excerpt":{"rendered":"<p>Aunque el foco informativo est\u00e1 centrado en Brasil y en <a href=\"https:\/\/sertv.gob.pa\/crisolfm\/las-llamas-del-amazonas-ya-han-alcanzado-bolivia\/\"> [&#8230;]<\/a><\/p>\n","protected":false},"author":64,"featured_media":21795,"comment_status":"closed","ping_status":"closed","sticky":false,"template":"","format":"standard","meta":{"footnotes":""},"categories":[7],"tags":[],"class_list":["post-21794","post","type-post","status-publish","format-standard","has-post-thumbnail","hentry","category-ecologicas"],"_links":{"self":[{"href":"https:\/\/sertv.gob.pa\/crisolfm\/wp-json\/wp\/v2\/posts\/21794","targetHints":{"allow":["GET"]}}],"collection":[{"href":"https:\/\/sertv.gob.pa\/crisolfm\/wp-json\/wp\/v2\/posts"}],"about":[{"href":"https:\/\/sertv.gob.pa\/crisolfm\/wp-json\/wp\/v2\/types\/post"}],"author":[{"embeddable":true,"href":"https:\/\/sertv.gob.pa\/crisolfm\/wp-json\/wp\/v2\/users\/64"}],"replies":[{"embeddable":true,"href":"https:\/\/sertv.gob.pa\/crisolfm\/wp-json\/wp\/v2\/comments?post=21794"}],"version-history":[{"count":1,"href":"https:\/\/sertv.gob.pa\/crisolfm\/wp-json\/wp\/v2\/posts\/21794\/revisions"}],"predecessor-version":[{"id":21796,"href":"https:\/\/sertv.gob.pa\/crisolfm\/wp-json\/wp\/v2\/posts\/21794\/revisions\/21796"}],"wp:featuredmedia":[{"embeddable":true,"href":"https:\/\/sertv.gob.pa\/crisolfm\/wp-json\/wp\/v2\/media\/21795"}],"wp:attachment":[{"href":"https:\/\/sertv.gob.pa\/crisolfm\/wp-json\/wp\/v2\/media?parent=21794"}],"wp:term":[{"taxonomy":"category","embeddable":true,"href":"https:\/\/sertv.gob.pa\/crisolfm\/wp-json\/wp\/v2\/categories?post=21794"},{"taxonomy":"post_tag","embeddable":true,"href":"https:\/\/sertv.gob.pa\/crisolfm\/wp-json\/wp\/v2\/tags?post=21794"}],"curies":[{"name":"wp","href":"https:\/\/api.w.org\/{rel}","templated":true}]}}