{"id":21800,"date":"2019-08-27T15:40:14","date_gmt":"2019-08-27T15:40:14","guid":{"rendered":"https:\/\/sertv.gob.pa\/crisolfm\/?p=21800"},"modified":"2019-08-27T15:40:14","modified_gmt":"2019-08-27T15:40:14","slug":"el-habitat-del-10-de-la-biodiversidad-del-planeta-arde-por-los-cuatro-costados","status":"publish","type":"post","link":"https:\/\/sertv.gob.pa\/crisolfm\/el-habitat-del-10-de-la-biodiversidad-del-planeta-arde-por-los-cuatro-costados\/","title":{"rendered":"El h\u00e1bitat del 10% de la biodiversidad del planeta arde por los cuatro costados"},"content":{"rendered":"<p>Hist\u00f3ricamente, los<strong> incendios en la Amazon\u00eda <\/strong>han estado ligados a la deforestaci\u00f3n por expansi\u00f3n de la actividad agropecuaria y esta ocasi\u00f3n no es la excepci\u00f3n. As\u00ed mismo, nos sumamos a toda la ciudadan\u00eda que est\u00e1 expresando su dolor, rabia e indignaci\u00f3n por este desastre ambiental a trav\u00e9s de este\u00a0<a href=\"https:\/\/actua.wwf.es\/es\/en-solidaridad-con-la-amazonia?utm_source=webcorporativa&amp;utm_medium=webcorporativa&amp;utm_campaign=amazonasenllamas&amp;utm_content=noticia&amp;_ga=2.100774721.1375680503.1566802736-1850116063.1566296493\" target=\"_blank\" rel=\"noopener\">MANIFIESTO DE SOLIDARIDAD CON LA AMAZON\u00cdA<\/a>.<\/p>\n<p>El bosque tropical m\u00e1s grande del mundo es\u00a0<strong>h\u00e1bitat del 10% de la biodiversidad del planeta<\/strong> y hogar de m\u00e1s de 34 millones de personas, incluyendo cerca de 500 pueblos ind\u00edgenas.\u00a0 Adem\u00e1s,\u00a0los bosques amaz\u00f3nicos juegan un papel cr\u00edtico en la mitigaci\u00f3n del cambio clim\u00e1tico, y estos terribles incendios agudizar\u00e1n la crisis clim\u00e1tica global,\u00a0debido a las emisiones de carbono procedentes de la quema de vegetaci\u00f3n y la materia org\u00e1nica de los suelos. Por otro lado, las \u00e1reas da\u00f1adas ser\u00e1n\u00a0m\u00e1s vulnerables a sequ\u00edas, inundaciones y a otros efectos del cambio clim\u00e1tico.<\/p>\n<p>El impacto inmediato de los incendios se evidencia en la muerte de miles de animales y plantas\u00a0que habitan estos bosques, entre ellos especies emblem\u00e1ticas y de gran importancia ecol\u00f3gica como el jaguar (<em>Panthera onca<\/em>). Sin contar que<strong> las quemas ocasionan una\u00a0p\u00e9rdida de h\u00e1bitat<\/strong> que amenaza de forma directa a la supervivencia de las especies. De igual forma, los graves incendios en el Amazonas\u00a0conllevan impactos sociales, econ\u00f3micos y de salud.<\/p>\n<p>Nos sumamos a la preocupaci\u00f3n de la sociedad civil y<strong> llamamos a los pol\u00edticos a tomar partido<\/strong> en este problema. En este sentido,\u00a0rechazamos contundentemente las declaraciones del presidente de Brasil, Jair Bolsonaro,\u00a0quien ha atribuido la responsabilidad de los incendios a las ONG, tratando de desviar el foco de atenci\u00f3n\u00a0sobre lo que realmente importa: la conservaci\u00f3n de la naturaleza, el bienestar de la gente de la Amazon\u00eda y de todo el planeta.<\/p>\n<p>ECOticias<\/p>\n","protected":false},"excerpt":{"rendered":"<p>Hist\u00f3ricamente, los incendios en la Amazon\u00eda han estado ligados a <a href=\"https:\/\/sertv.gob.pa\/crisolfm\/el-habitat-del-10-de-la-biodiversidad-del-planeta-arde-por-los-cuatro-costados\/\"> [&#8230;]<\/a><\/p>\n","protected":false},"author":64,"featured_media":21801,"comment_status":"closed","ping_status":"closed","sticky":false,"template":"","format":"standard","meta":{"footnotes":""},"categories":[7],"tags":[],"class_list":["post-21800","post","type-post","status-publish","format-standard","has-post-thumbnail","hentry","category-ecologicas"],"_links":{"self":[{"href":"https:\/\/sertv.gob.pa\/crisolfm\/wp-json\/wp\/v2\/posts\/21800","targetHints":{"allow":["GET"]}}],"collection":[{"href":"https:\/\/sertv.gob.pa\/crisolfm\/wp-json\/wp\/v2\/posts"}],"about":[{"href":"https:\/\/sertv.gob.pa\/crisolfm\/wp-json\/wp\/v2\/types\/post"}],"author":[{"embeddable":true,"href":"https:\/\/sertv.gob.pa\/crisolfm\/wp-json\/wp\/v2\/users\/64"}],"replies":[{"embeddable":true,"href":"https:\/\/sertv.gob.pa\/crisolfm\/wp-json\/wp\/v2\/comments?post=21800"}],"version-history":[{"count":1,"href":"https:\/\/sertv.gob.pa\/crisolfm\/wp-json\/wp\/v2\/posts\/21800\/revisions"}],"predecessor-version":[{"id":21802,"href":"https:\/\/sertv.gob.pa\/crisolfm\/wp-json\/wp\/v2\/posts\/21800\/revisions\/21802"}],"wp:featuredmedia":[{"embeddable":true,"href":"https:\/\/sertv.gob.pa\/crisolfm\/wp-json\/wp\/v2\/media\/21801"}],"wp:attachment":[{"href":"https:\/\/sertv.gob.pa\/crisolfm\/wp-json\/wp\/v2\/media?parent=21800"}],"wp:term":[{"taxonomy":"category","embeddable":true,"href":"https:\/\/sertv.gob.pa\/crisolfm\/wp-json\/wp\/v2\/categories?post=21800"},{"taxonomy":"post_tag","embeddable":true,"href":"https:\/\/sertv.gob.pa\/crisolfm\/wp-json\/wp\/v2\/tags?post=21800"}],"curies":[{"name":"wp","href":"https:\/\/api.w.org\/{rel}","templated":true}]}}