{"id":21803,"date":"2019-08-27T19:12:52","date_gmt":"2019-08-27T19:12:52","guid":{"rendered":"https:\/\/sertv.gob.pa\/crisolfm\/?p=21803"},"modified":"2019-08-27T19:12:52","modified_gmt":"2019-08-27T19:12:52","slug":"greta-thunberg-cruza-el-atlantico-en-un-velero-y-llegara-a-nueva-york-despues-de-lo-previsto","status":"publish","type":"post","link":"https:\/\/sertv.gob.pa\/crisolfm\/greta-thunberg-cruza-el-atlantico-en-un-velero-y-llegara-a-nueva-york-despues-de-lo-previsto\/","title":{"rendered":"Greta Thunberg cruza el Atl\u00e1ntico en un velero y llegar\u00e1 a Nueva York despu\u00e9s de lo previsto"},"content":{"rendered":"<p>El velero \u00abcero carbono\u00bb que transporta a Greta Thunberg, joven adalid de la lucha contra el cambio clim\u00e1tico, que era esperado este martes en Nueva York, finalmente atracar\u00eda el mi\u00e9rcoles o jueves a causa de condiciones clim\u00e1ticas adversas, inform\u00f3 su entorno. \u00abLa llegada est\u00e1 prevista para ma\u00f1ana mi\u00e9rcoles o el jueves, dependiendo del viento\u00bb, se\u00f1al\u00f3 este martes a la AFP un familiar de la joven.<\/p>\n<p>El lunes, Greta hab\u00eda tuiteado que el velero en el que atraviesa el Atl\u00e1ntico atracar\u00eda este martes en Nueva York, tras navegar 3 mil millas marinas desde el sur de Inglaterra. \u00abMar agitado al sur de Nueva Escocia (Canad\u00e1). Pero las condiciones (de navegaci\u00f3n), acerc\u00e1ndonos a Nueva York, ser\u00e1n m\u00e1s lentas de lo esperado\u00bb, escribi\u00f3 m\u00e1s tarde.<\/p>\n<p>La sueca de 16 a\u00f1os viaja a Nueva York para asistir a la cumbre de la ONU sobre la Acci\u00f3n Clim\u00e1tica, programada para septiembre. Pero Greta rechaz\u00f3 viajar en avi\u00f3n a causa de las emisiones de carbono, ante lo cual Pierre Casiraghi, hijo de la princesa Carolina de M\u00f3naco, puso a su disposici\u00f3n el \u00abMalizia II\u00bb, un velero con \u00abcero (emisi\u00f3n de) carbono\u00bb, que capitanea junto al alem\u00e1n Boris Herrmann. Al comenzar su \u00faltimo curso de la escuela secundaria, hace un a\u00f1o, Thunberg cre\u00f3 el movimiento ecologista \u00abFridays for future\u00bb, que adquiri\u00f3 dimensi\u00f3n internacional entre los j\u00f3venes.<\/p>\n<p>AFP<\/p>\n","protected":false},"excerpt":{"rendered":"<p>El velero \u00abcero carbono\u00bb que transporta a Greta Thunberg, joven <a href=\"https:\/\/sertv.gob.pa\/crisolfm\/greta-thunberg-cruza-el-atlantico-en-un-velero-y-llegara-a-nueva-york-despues-de-lo-previsto\/\"> [&#8230;]<\/a><\/p>\n","protected":false},"author":64,"featured_media":21804,"comment_status":"closed","ping_status":"closed","sticky":false,"template":"","format":"standard","meta":{"footnotes":""},"categories":[7],"tags":[],"class_list":["post-21803","post","type-post","status-publish","format-standard","has-post-thumbnail","hentry","category-ecologicas"],"_links":{"self":[{"href":"https:\/\/sertv.gob.pa\/crisolfm\/wp-json\/wp\/v2\/posts\/21803","targetHints":{"allow":["GET"]}}],"collection":[{"href":"https:\/\/sertv.gob.pa\/crisolfm\/wp-json\/wp\/v2\/posts"}],"about":[{"href":"https:\/\/sertv.gob.pa\/crisolfm\/wp-json\/wp\/v2\/types\/post"}],"author":[{"embeddable":true,"href":"https:\/\/sertv.gob.pa\/crisolfm\/wp-json\/wp\/v2\/users\/64"}],"replies":[{"embeddable":true,"href":"https:\/\/sertv.gob.pa\/crisolfm\/wp-json\/wp\/v2\/comments?post=21803"}],"version-history":[{"count":1,"href":"https:\/\/sertv.gob.pa\/crisolfm\/wp-json\/wp\/v2\/posts\/21803\/revisions"}],"predecessor-version":[{"id":21805,"href":"https:\/\/sertv.gob.pa\/crisolfm\/wp-json\/wp\/v2\/posts\/21803\/revisions\/21805"}],"wp:featuredmedia":[{"embeddable":true,"href":"https:\/\/sertv.gob.pa\/crisolfm\/wp-json\/wp\/v2\/media\/21804"}],"wp:attachment":[{"href":"https:\/\/sertv.gob.pa\/crisolfm\/wp-json\/wp\/v2\/media?parent=21803"}],"wp:term":[{"taxonomy":"category","embeddable":true,"href":"https:\/\/sertv.gob.pa\/crisolfm\/wp-json\/wp\/v2\/categories?post=21803"},{"taxonomy":"post_tag","embeddable":true,"href":"https:\/\/sertv.gob.pa\/crisolfm\/wp-json\/wp\/v2\/tags?post=21803"}],"curies":[{"name":"wp","href":"https:\/\/api.w.org\/{rel}","templated":true}]}}