{"id":21806,"date":"2019-08-28T13:27:44","date_gmt":"2019-08-28T13:27:44","guid":{"rendered":"https:\/\/sertv.gob.pa\/crisolfm\/?p=21806"},"modified":"2019-08-28T13:27:44","modified_gmt":"2019-08-28T13:27:44","slug":"meng-meng-osa-panda-del-zoologico-de-berlin-esta-prenada","status":"publish","type":"post","link":"https:\/\/sertv.gob.pa\/crisolfm\/meng-meng-osa-panda-del-zoologico-de-berlin-esta-prenada\/","title":{"rendered":"Meng Meng, osa panda del zool\u00f3gico de Berl\u00edn, est\u00e1 pre\u00f1ada"},"content":{"rendered":"<p>Meng Meng, la hembra panda del zool\u00f3gico de Berl\u00edn est\u00e1 pre\u00f1ada, anunci\u00f3 este martes el parque, que prev\u00e9 el alumbramiento para dentro de un par de semanas. \u00abEl &#8216;mini&#8217; panda de Meng Meng fue observado por primera vez por expertos durante una ecograf\u00eda\u00bb, se\u00f1al\u00f3 el zoo berlin\u00e9s en un comunicado. El comportamiento de la hembra, la talla del feto y los resultados de an\u00e1lisis hormonales indican que el parto tendr\u00e1 lugar en una o quiz\u00e1s dos semanas.<\/p>\n<p>Meng Meng (\u00abPeque\u00f1o Sue\u00f1o\u00bb) y Jiao Qing (\u00abPeque\u00f1o Tesoro\u00bb) llegaron a la capital alemana en julio de 2017. La canciller Angela Merkel y el presidente chino Xi Jinping los presentaron en sociedad con gran pompa. \u00a0Son los \u00fanicos animales de esta especie actualmente en Alemania. Llegaron en el marco de la \u00abdiplomacia de los pandas\u00bb desarrollada por Pek\u00edn a trav\u00e9s de los pandas, considerados un tesoro nacional que actualmente fungen de \u00abembajadores\u00bb.<\/p>\n<p>\u00abCada nacimiento (de un ejemplar) de una especie amenazada con la extinci\u00f3n, como los pandas, es un gran regalo\u00bb, destac\u00f3 el director del zool\u00f3gico berlin\u00e9s, Andreas Knieriem, citado en el comunicado.<\/p>\n<p>AFP<\/p>\n","protected":false},"excerpt":{"rendered":"<p>Meng Meng, la hembra panda del zool\u00f3gico de Berl\u00edn est\u00e1 <a href=\"https:\/\/sertv.gob.pa\/crisolfm\/meng-meng-osa-panda-del-zoologico-de-berlin-esta-prenada\/\"> [&#8230;]<\/a><\/p>\n","protected":false},"author":64,"featured_media":21807,"comment_status":"closed","ping_status":"closed","sticky":false,"template":"","format":"standard","meta":{"footnotes":""},"categories":[7],"tags":[],"class_list":["post-21806","post","type-post","status-publish","format-standard","has-post-thumbnail","hentry","category-ecologicas"],"_links":{"self":[{"href":"https:\/\/sertv.gob.pa\/crisolfm\/wp-json\/wp\/v2\/posts\/21806","targetHints":{"allow":["GET"]}}],"collection":[{"href":"https:\/\/sertv.gob.pa\/crisolfm\/wp-json\/wp\/v2\/posts"}],"about":[{"href":"https:\/\/sertv.gob.pa\/crisolfm\/wp-json\/wp\/v2\/types\/post"}],"author":[{"embeddable":true,"href":"https:\/\/sertv.gob.pa\/crisolfm\/wp-json\/wp\/v2\/users\/64"}],"replies":[{"embeddable":true,"href":"https:\/\/sertv.gob.pa\/crisolfm\/wp-json\/wp\/v2\/comments?post=21806"}],"version-history":[{"count":1,"href":"https:\/\/sertv.gob.pa\/crisolfm\/wp-json\/wp\/v2\/posts\/21806\/revisions"}],"predecessor-version":[{"id":21808,"href":"https:\/\/sertv.gob.pa\/crisolfm\/wp-json\/wp\/v2\/posts\/21806\/revisions\/21808"}],"wp:featuredmedia":[{"embeddable":true,"href":"https:\/\/sertv.gob.pa\/crisolfm\/wp-json\/wp\/v2\/media\/21807"}],"wp:attachment":[{"href":"https:\/\/sertv.gob.pa\/crisolfm\/wp-json\/wp\/v2\/media?parent=21806"}],"wp:term":[{"taxonomy":"category","embeddable":true,"href":"https:\/\/sertv.gob.pa\/crisolfm\/wp-json\/wp\/v2\/categories?post=21806"},{"taxonomy":"post_tag","embeddable":true,"href":"https:\/\/sertv.gob.pa\/crisolfm\/wp-json\/wp\/v2\/tags?post=21806"}],"curies":[{"name":"wp","href":"https:\/\/api.w.org\/{rel}","templated":true}]}}