{"id":21812,"date":"2019-08-28T13:41:28","date_gmt":"2019-08-28T13:41:28","guid":{"rendered":"https:\/\/sertv.gob.pa\/crisolfm\/?p=21812"},"modified":"2019-08-28T13:41:28","modified_gmt":"2019-08-28T13:41:28","slug":"realizaran-la-xxiii-feria-de-colecciones","status":"publish","type":"post","link":"https:\/\/sertv.gob.pa\/crisolfm\/realizaran-la-xxiii-feria-de-colecciones\/","title":{"rendered":"Realizar\u00e1n la XXIII Feria de Colecciones"},"content":{"rendered":"<p>La Asociaci\u00f3n Numism\u00e1tica de Panam\u00e1 llevar\u00e1 a cabo la XXIII Feria de Colecciones, un evento ic\u00f3nico en el pa\u00eds que se enmarca en los 500 a\u00f1os de fundaci\u00f3n de la ciudad de Panam\u00e1. Contar\u00e1 con m\u00e1s de 1,500 metros cuadrados de espacio para exhibiciones y habr\u00e1 conferencias nacionales e internacionales durante los 5 d\u00edas de feria.<\/p>\n<p>La Asociaci\u00f3n es una organizaci\u00f3n sin fines de lucro que busca promover el liderazgo para generar individuos con apego al sentimiento nacional, fomentando la cultura y el conocimiento de la numism\u00e1tica general a lo largo del pa\u00eds, impulsando acciones orientadas al desarrollo sustentable y sostenible.<\/p>\n<p>La cita es desde hoy 28 de agosto al 1 de septiembre, en el hotel El Panam\u00e1, sal\u00f3n Vasco N\u00fa\u00f1ez de Balboa, de 10:00 a.m. a 8:00 p.m., con entrada gratuita.<\/p>\n<p>&nbsp;<\/p>\n","protected":false},"excerpt":{"rendered":"<p>La Asociaci\u00f3n Numism\u00e1tica de Panam\u00e1 llevar\u00e1 a cabo la XXIII <a href=\"https:\/\/sertv.gob.pa\/crisolfm\/realizaran-la-xxiii-feria-de-colecciones\/\"> [&#8230;]<\/a><\/p>\n","protected":false},"author":64,"featured_media":21813,"comment_status":"closed","ping_status":"closed","sticky":false,"template":"","format":"standard","meta":{"footnotes":""},"categories":[6],"tags":[],"class_list":["post-21812","post","type-post","status-publish","format-standard","has-post-thumbnail","hentry","category-culturales"],"_links":{"self":[{"href":"https:\/\/sertv.gob.pa\/crisolfm\/wp-json\/wp\/v2\/posts\/21812","targetHints":{"allow":["GET"]}}],"collection":[{"href":"https:\/\/sertv.gob.pa\/crisolfm\/wp-json\/wp\/v2\/posts"}],"about":[{"href":"https:\/\/sertv.gob.pa\/crisolfm\/wp-json\/wp\/v2\/types\/post"}],"author":[{"embeddable":true,"href":"https:\/\/sertv.gob.pa\/crisolfm\/wp-json\/wp\/v2\/users\/64"}],"replies":[{"embeddable":true,"href":"https:\/\/sertv.gob.pa\/crisolfm\/wp-json\/wp\/v2\/comments?post=21812"}],"version-history":[{"count":1,"href":"https:\/\/sertv.gob.pa\/crisolfm\/wp-json\/wp\/v2\/posts\/21812\/revisions"}],"predecessor-version":[{"id":21814,"href":"https:\/\/sertv.gob.pa\/crisolfm\/wp-json\/wp\/v2\/posts\/21812\/revisions\/21814"}],"wp:featuredmedia":[{"embeddable":true,"href":"https:\/\/sertv.gob.pa\/crisolfm\/wp-json\/wp\/v2\/media\/21813"}],"wp:attachment":[{"href":"https:\/\/sertv.gob.pa\/crisolfm\/wp-json\/wp\/v2\/media?parent=21812"}],"wp:term":[{"taxonomy":"category","embeddable":true,"href":"https:\/\/sertv.gob.pa\/crisolfm\/wp-json\/wp\/v2\/categories?post=21812"},{"taxonomy":"post_tag","embeddable":true,"href":"https:\/\/sertv.gob.pa\/crisolfm\/wp-json\/wp\/v2\/tags?post=21812"}],"curies":[{"name":"wp","href":"https:\/\/api.w.org\/{rel}","templated":true}]}}