{"id":21821,"date":"2019-08-28T14:19:35","date_gmt":"2019-08-28T14:19:35","guid":{"rendered":"https:\/\/sertv.gob.pa\/crisolfm\/?p=21821"},"modified":"2019-08-28T14:19:35","modified_gmt":"2019-08-28T14:19:35","slug":"celebran-iv-festival-estudiantil-de-la-etnia-guna-de-madungandi","status":"publish","type":"post","link":"https:\/\/sertv.gob.pa\/crisolfm\/celebran-iv-festival-estudiantil-de-la-etnia-guna-de-madungandi\/","title":{"rendered":"Celebran IV Festival Estudiantil de la Etnia Guna de Madungand\u00ed"},"content":{"rendered":"<p>\u2018En cuestiones de cultura y de saber, solo se pierde lo que se guarda; solo se gana lo que se da&#8217;, con estas palabras de Antonio Machado se empieza el festival marcado por el D\u00eda Internacional de los Pueblos Ind\u00edgenas. El fest\u00edn cultural cuenta con la participaci\u00f3n de los embajadores de Bolivia y Nicaragua en Panam\u00e1, Pastor Mamani y Marvin Ortega, respectivamente; la agregada cultural de la Embajada de Estados Unidos, Aleksandra Risrovic; y el subdirector del Instituto Nacional de Cultura (NAC), Gabriel Gonz\u00e1lez.<\/p>\n<p>Decenas de ni\u00f1os y adolescentes desfilan por el escenario con cantos, danzas, poes\u00edas, piezas de oratoria, juegos y rondas y elaboraci\u00f3n de artesan\u00edas. \u2018Todo en su lengua dule, y siempre resaltando la gran importancia de las costumbres y cultura de su pueblo. La idea es que ellos conserven su esencia&#8217;, puntualiz\u00f3 Ilka Pedroza, docente y coordinadora del evento cultural.<\/p>\n<p>Armados de su inocencia y valor, los infantes deleitaron con sus presentaciones al p\u00fablico, en el evento cultural celebrado recientemente. Los ganadores y participantes recibieron medallas y premios.<\/p>\n<p>&nbsp;<\/p>\n","protected":false},"excerpt":{"rendered":"<p>\u2018En cuestiones de cultura y de saber, solo se pierde <a href=\"https:\/\/sertv.gob.pa\/crisolfm\/celebran-iv-festival-estudiantil-de-la-etnia-guna-de-madungandi\/\"> [&#8230;]<\/a><\/p>\n","protected":false},"author":64,"featured_media":21822,"comment_status":"closed","ping_status":"closed","sticky":false,"template":"","format":"standard","meta":{"footnotes":""},"categories":[6],"tags":[],"class_list":["post-21821","post","type-post","status-publish","format-standard","has-post-thumbnail","hentry","category-culturales"],"_links":{"self":[{"href":"https:\/\/sertv.gob.pa\/crisolfm\/wp-json\/wp\/v2\/posts\/21821","targetHints":{"allow":["GET"]}}],"collection":[{"href":"https:\/\/sertv.gob.pa\/crisolfm\/wp-json\/wp\/v2\/posts"}],"about":[{"href":"https:\/\/sertv.gob.pa\/crisolfm\/wp-json\/wp\/v2\/types\/post"}],"author":[{"embeddable":true,"href":"https:\/\/sertv.gob.pa\/crisolfm\/wp-json\/wp\/v2\/users\/64"}],"replies":[{"embeddable":true,"href":"https:\/\/sertv.gob.pa\/crisolfm\/wp-json\/wp\/v2\/comments?post=21821"}],"version-history":[{"count":1,"href":"https:\/\/sertv.gob.pa\/crisolfm\/wp-json\/wp\/v2\/posts\/21821\/revisions"}],"predecessor-version":[{"id":21823,"href":"https:\/\/sertv.gob.pa\/crisolfm\/wp-json\/wp\/v2\/posts\/21821\/revisions\/21823"}],"wp:featuredmedia":[{"embeddable":true,"href":"https:\/\/sertv.gob.pa\/crisolfm\/wp-json\/wp\/v2\/media\/21822"}],"wp:attachment":[{"href":"https:\/\/sertv.gob.pa\/crisolfm\/wp-json\/wp\/v2\/media?parent=21821"}],"wp:term":[{"taxonomy":"category","embeddable":true,"href":"https:\/\/sertv.gob.pa\/crisolfm\/wp-json\/wp\/v2\/categories?post=21821"},{"taxonomy":"post_tag","embeddable":true,"href":"https:\/\/sertv.gob.pa\/crisolfm\/wp-json\/wp\/v2\/tags?post=21821"}],"curies":[{"name":"wp","href":"https:\/\/api.w.org\/{rel}","templated":true}]}}