{"id":21842,"date":"2019-08-28T18:04:35","date_gmt":"2019-08-28T18:04:35","guid":{"rendered":"https:\/\/sertv.gob.pa\/crisolfm\/?p=21842"},"modified":"2019-08-28T18:04:35","modified_gmt":"2019-08-28T18:04:35","slug":"sismo-de-magnitud-5-sacude-a-chile","status":"publish","type":"post","link":"https:\/\/sertv.gob.pa\/crisolfm\/sismo-de-magnitud-5-sacude-a-chile\/","title":{"rendered":"Sismo de magnitud 5 sacude a Chile"},"content":{"rendered":"<p><strong>Un sismo de magnitud 5 sacudi\u00f3 este mi\u00e9rcoles a la regi\u00f3n de Antofagast<\/strong>a, en el <strong>norte de Chile<\/strong>, sin que se informara de desgracias personales o da\u00f1os materiales.<\/p>\n<p>El movimiento tel\u00farico se registr\u00f3 a las 08.43 p.m. y <strong>su epicentro se situ\u00f3 27 kil\u00f3metros al sureste de Sierra Gorda<\/strong>, en pleno desierto de Atacama y unos 1.400 al norte de Santiago, seg\u00fan el informe del Centro Sismol\u00f3gico Nacional, dependiente de la Universidad de Chile.<\/p>\n<p>El hipocentro, en tanto, se localiz\u00f3 a 107,1 kil\u00f3metros de profundidad. La Oficina Nacional de Emergencia (Onemi), por su parte, detall\u00f3 que seg\u00fan la escala internacional de Mercalli, que va del uno al doce, <strong>el sismo se percibi\u00f3 con una intensidad de grado 5 en el municipio de Sierra Gorda.<\/strong><\/p>\n<p>EFE<\/p>\n","protected":false},"excerpt":{"rendered":"<p>Un sismo de magnitud 5 sacudi\u00f3 este mi\u00e9rcoles a la <a href=\"https:\/\/sertv.gob.pa\/crisolfm\/sismo-de-magnitud-5-sacude-a-chile\/\"> [&#8230;]<\/a><\/p>\n","protected":false},"author":64,"featured_media":21843,"comment_status":"closed","ping_status":"closed","sticky":false,"template":"","format":"standard","meta":{"footnotes":""},"categories":[7],"tags":[],"class_list":["post-21842","post","type-post","status-publish","format-standard","has-post-thumbnail","hentry","category-ecologicas"],"_links":{"self":[{"href":"https:\/\/sertv.gob.pa\/crisolfm\/wp-json\/wp\/v2\/posts\/21842","targetHints":{"allow":["GET"]}}],"collection":[{"href":"https:\/\/sertv.gob.pa\/crisolfm\/wp-json\/wp\/v2\/posts"}],"about":[{"href":"https:\/\/sertv.gob.pa\/crisolfm\/wp-json\/wp\/v2\/types\/post"}],"author":[{"embeddable":true,"href":"https:\/\/sertv.gob.pa\/crisolfm\/wp-json\/wp\/v2\/users\/64"}],"replies":[{"embeddable":true,"href":"https:\/\/sertv.gob.pa\/crisolfm\/wp-json\/wp\/v2\/comments?post=21842"}],"version-history":[{"count":1,"href":"https:\/\/sertv.gob.pa\/crisolfm\/wp-json\/wp\/v2\/posts\/21842\/revisions"}],"predecessor-version":[{"id":21844,"href":"https:\/\/sertv.gob.pa\/crisolfm\/wp-json\/wp\/v2\/posts\/21842\/revisions\/21844"}],"wp:featuredmedia":[{"embeddable":true,"href":"https:\/\/sertv.gob.pa\/crisolfm\/wp-json\/wp\/v2\/media\/21843"}],"wp:attachment":[{"href":"https:\/\/sertv.gob.pa\/crisolfm\/wp-json\/wp\/v2\/media?parent=21842"}],"wp:term":[{"taxonomy":"category","embeddable":true,"href":"https:\/\/sertv.gob.pa\/crisolfm\/wp-json\/wp\/v2\/categories?post=21842"},{"taxonomy":"post_tag","embeddable":true,"href":"https:\/\/sertv.gob.pa\/crisolfm\/wp-json\/wp\/v2\/tags?post=21842"}],"curies":[{"name":"wp","href":"https:\/\/api.w.org\/{rel}","templated":true}]}}