{"id":21846,"date":"2019-08-29T13:16:30","date_gmt":"2019-08-29T13:16:30","guid":{"rendered":"https:\/\/sertv.gob.pa\/crisolfm\/?p=21846"},"modified":"2019-08-29T13:16:30","modified_gmt":"2019-08-29T13:16:30","slug":"la-momia-de-una-nina-de-mas-de-500-anos-de-antiguedad-que-ee-uu-devolvio-a-bolivia","status":"publish","type":"post","link":"https:\/\/sertv.gob.pa\/crisolfm\/la-momia-de-una-nina-de-mas-de-500-anos-de-antiguedad-que-ee-uu-devolvio-a-bolivia\/","title":{"rendered":"La momia de una ni\u00f1a de m\u00e1s de 500 a\u00f1os de antig\u00fcedad que EE.UU. devolvi\u00f3 a Bolivia"},"content":{"rendered":"<p>Despu\u00e9s de pasar 129 a\u00f1os en el Museo de la Universidad del Estado de Michigan, en Estados Unidos, la momia conocida como \u00abla \u00f1usta\u00bb (princesa en quechua) vol\u00f3 de regreso a su lugar de origen, Bolivia.<\/p>\n<p>Hace m\u00e1s de 500 a\u00f1os, a mediados del siglo XV, los restos de esta ni\u00f1a de aproximadamente ocho a\u00f1os fueron enterrados en una tumba de piedra de forma cil\u00edndrica, conocida como \u00abchullpa\u00bb, al sur de la actual ciudad de La Paz. Cuando fue sepultada, probablemente los espa\u00f1oles todav\u00eda no hab\u00edan llegado a Am\u00e9rica.<\/p>\n<p>La \u00f1usta pudo haber sido miembro de los pacajes, reino aymara del sur del lago Titicaca que en el siglo XV viv\u00eda bajo dominio inca, le explica David Trigo, el director del Museo Nacional de Arqueolog\u00eda de Bolivia, a BBC Mundo.<\/p>\n<p>&nbsp;<\/p>\n","protected":false},"excerpt":{"rendered":"<p>Despu\u00e9s de pasar 129 a\u00f1os en el Museo de la <a href=\"https:\/\/sertv.gob.pa\/crisolfm\/la-momia-de-una-nina-de-mas-de-500-anos-de-antiguedad-que-ee-uu-devolvio-a-bolivia\/\"> [&#8230;]<\/a><\/p>\n","protected":false},"author":64,"featured_media":21848,"comment_status":"closed","ping_status":"closed","sticky":false,"template":"","format":"standard","meta":{"footnotes":""},"categories":[6],"tags":[],"class_list":["post-21846","post","type-post","status-publish","format-standard","has-post-thumbnail","hentry","category-culturales"],"_links":{"self":[{"href":"https:\/\/sertv.gob.pa\/crisolfm\/wp-json\/wp\/v2\/posts\/21846","targetHints":{"allow":["GET"]}}],"collection":[{"href":"https:\/\/sertv.gob.pa\/crisolfm\/wp-json\/wp\/v2\/posts"}],"about":[{"href":"https:\/\/sertv.gob.pa\/crisolfm\/wp-json\/wp\/v2\/types\/post"}],"author":[{"embeddable":true,"href":"https:\/\/sertv.gob.pa\/crisolfm\/wp-json\/wp\/v2\/users\/64"}],"replies":[{"embeddable":true,"href":"https:\/\/sertv.gob.pa\/crisolfm\/wp-json\/wp\/v2\/comments?post=21846"}],"version-history":[{"count":1,"href":"https:\/\/sertv.gob.pa\/crisolfm\/wp-json\/wp\/v2\/posts\/21846\/revisions"}],"predecessor-version":[{"id":21849,"href":"https:\/\/sertv.gob.pa\/crisolfm\/wp-json\/wp\/v2\/posts\/21846\/revisions\/21849"}],"wp:featuredmedia":[{"embeddable":true,"href":"https:\/\/sertv.gob.pa\/crisolfm\/wp-json\/wp\/v2\/media\/21848"}],"wp:attachment":[{"href":"https:\/\/sertv.gob.pa\/crisolfm\/wp-json\/wp\/v2\/media?parent=21846"}],"wp:term":[{"taxonomy":"category","embeddable":true,"href":"https:\/\/sertv.gob.pa\/crisolfm\/wp-json\/wp\/v2\/categories?post=21846"},{"taxonomy":"post_tag","embeddable":true,"href":"https:\/\/sertv.gob.pa\/crisolfm\/wp-json\/wp\/v2\/tags?post=21846"}],"curies":[{"name":"wp","href":"https:\/\/api.w.org\/{rel}","templated":true}]}}