{"id":21853,"date":"2019-08-29T13:25:10","date_gmt":"2019-08-29T13:25:10","guid":{"rendered":"https:\/\/sertv.gob.pa\/crisolfm\/?p=21853"},"modified":"2019-08-29T13:25:10","modified_gmt":"2019-08-29T13:25:10","slug":"huracan-dorian-perdona-a-puerto-rico-amenaza-florida","status":"publish","type":"post","link":"https:\/\/sertv.gob.pa\/crisolfm\/huracan-dorian-perdona-a-puerto-rico-amenaza-florida\/","title":{"rendered":"Hurac\u00e1n Dorian perdona a Puerto Rico; amenaza Florida"},"content":{"rendered":"<p>El hurac\u00e1n Dorian perdon\u00f3 a Puerto Rico este mi\u00e9rcoles al esquivar la isla caribe\u00f1a en su ruta hacia el norte, pero se espera que gane intensidad en el Atl\u00e1ntico y alcance Florida el fin de semana luego de volverse \u00abpoderoso\u00bb.\u00a0 Dorian se aleja de Puerto Rico como hurac\u00e1n de categor\u00eda 1, con vientos de 130 Km\/hora, pero se volver\u00e1 \u00abpoderoso\u00bb en el Atl\u00e1ntico occidental en los pr\u00f3ximos d\u00edas, seg\u00fan el bolet\u00edn de las 00H00 GMT del Centro Nacional de Huracanes.<\/p>\n<p>Durante los \u00faltimos d\u00edas, los puertorrique\u00f1os esperaron con ansiedad el primer golpe directo de un cicl\u00f3n desde que el monstruoso hurac\u00e1n Mar\u00eda destruy\u00f3 hace dos a\u00f1os este territorio estadounidense en el Caribe. No obstante, Dorian se desplaz\u00f3 al este de sus costas sin causar grandes da\u00f1os que reportar y el NHC cancel\u00f3 sus alertas de tormenta y hurac\u00e1n para este territorio estadounidense.<\/p>\n<p>AFP<\/p>\n","protected":false},"excerpt":{"rendered":"<p>El hurac\u00e1n Dorian perdon\u00f3 a Puerto Rico este mi\u00e9rcoles al <a href=\"https:\/\/sertv.gob.pa\/crisolfm\/huracan-dorian-perdona-a-puerto-rico-amenaza-florida\/\"> [&#8230;]<\/a><\/p>\n","protected":false},"author":64,"featured_media":21854,"comment_status":"closed","ping_status":"closed","sticky":false,"template":"","format":"standard","meta":{"footnotes":""},"categories":[7],"tags":[],"class_list":["post-21853","post","type-post","status-publish","format-standard","has-post-thumbnail","hentry","category-ecologicas"],"_links":{"self":[{"href":"https:\/\/sertv.gob.pa\/crisolfm\/wp-json\/wp\/v2\/posts\/21853","targetHints":{"allow":["GET"]}}],"collection":[{"href":"https:\/\/sertv.gob.pa\/crisolfm\/wp-json\/wp\/v2\/posts"}],"about":[{"href":"https:\/\/sertv.gob.pa\/crisolfm\/wp-json\/wp\/v2\/types\/post"}],"author":[{"embeddable":true,"href":"https:\/\/sertv.gob.pa\/crisolfm\/wp-json\/wp\/v2\/users\/64"}],"replies":[{"embeddable":true,"href":"https:\/\/sertv.gob.pa\/crisolfm\/wp-json\/wp\/v2\/comments?post=21853"}],"version-history":[{"count":1,"href":"https:\/\/sertv.gob.pa\/crisolfm\/wp-json\/wp\/v2\/posts\/21853\/revisions"}],"predecessor-version":[{"id":21855,"href":"https:\/\/sertv.gob.pa\/crisolfm\/wp-json\/wp\/v2\/posts\/21853\/revisions\/21855"}],"wp:featuredmedia":[{"embeddable":true,"href":"https:\/\/sertv.gob.pa\/crisolfm\/wp-json\/wp\/v2\/media\/21854"}],"wp:attachment":[{"href":"https:\/\/sertv.gob.pa\/crisolfm\/wp-json\/wp\/v2\/media?parent=21853"}],"wp:term":[{"taxonomy":"category","embeddable":true,"href":"https:\/\/sertv.gob.pa\/crisolfm\/wp-json\/wp\/v2\/categories?post=21853"},{"taxonomy":"post_tag","embeddable":true,"href":"https:\/\/sertv.gob.pa\/crisolfm\/wp-json\/wp\/v2\/tags?post=21853"}],"curies":[{"name":"wp","href":"https:\/\/api.w.org\/{rel}","templated":true}]}}