{"id":21856,"date":"2019-08-29T13:31:32","date_gmt":"2019-08-29T13:31:32","guid":{"rendered":"https:\/\/sertv.gob.pa\/crisolfm\/?p=21856"},"modified":"2019-08-29T13:31:32","modified_gmt":"2019-08-29T13:31:32","slug":"mi-nombre-es-asher-lev-se-presentara-en-teatro-la-plaza","status":"publish","type":"post","link":"https:\/\/sertv.gob.pa\/crisolfm\/mi-nombre-es-asher-lev-se-presentara-en-teatro-la-plaza\/","title":{"rendered":"\u201cMi nombre es Asher Lev\u201d se presentar\u00e1 en Teatro La Plaza"},"content":{"rendered":"<p>Asher Lev es un ni\u00f1o jud\u00edo que pertenece a una familia religiosa. Tiene un don: es un genio que no puede dejar de pintar el mundo que ve y siente. Pero en este don est\u00e1 la semilla del conflicto con lo que m\u00e1s quiere: su familia y su comunidad.<\/p>\n<p>La puesta en escena, basada en la novela conmovedora y visionaria de Chaim Potok llega bajo la direcci\u00f3n de Malky Zebede. En cartelera del 10 al 15 de septiembre, en el Teatro La Plaza.<\/p>\n","protected":false},"excerpt":{"rendered":"<p>Asher Lev es un ni\u00f1o jud\u00edo que pertenece a una <a href=\"https:\/\/sertv.gob.pa\/crisolfm\/mi-nombre-es-asher-lev-se-presentara-en-teatro-la-plaza\/\"> [&#8230;]<\/a><\/p>\n","protected":false},"author":64,"featured_media":21857,"comment_status":"closed","ping_status":"closed","sticky":false,"template":"","format":"standard","meta":{"footnotes":""},"categories":[6],"tags":[],"class_list":["post-21856","post","type-post","status-publish","format-standard","has-post-thumbnail","hentry","category-culturales"],"_links":{"self":[{"href":"https:\/\/sertv.gob.pa\/crisolfm\/wp-json\/wp\/v2\/posts\/21856","targetHints":{"allow":["GET"]}}],"collection":[{"href":"https:\/\/sertv.gob.pa\/crisolfm\/wp-json\/wp\/v2\/posts"}],"about":[{"href":"https:\/\/sertv.gob.pa\/crisolfm\/wp-json\/wp\/v2\/types\/post"}],"author":[{"embeddable":true,"href":"https:\/\/sertv.gob.pa\/crisolfm\/wp-json\/wp\/v2\/users\/64"}],"replies":[{"embeddable":true,"href":"https:\/\/sertv.gob.pa\/crisolfm\/wp-json\/wp\/v2\/comments?post=21856"}],"version-history":[{"count":1,"href":"https:\/\/sertv.gob.pa\/crisolfm\/wp-json\/wp\/v2\/posts\/21856\/revisions"}],"predecessor-version":[{"id":21858,"href":"https:\/\/sertv.gob.pa\/crisolfm\/wp-json\/wp\/v2\/posts\/21856\/revisions\/21858"}],"wp:featuredmedia":[{"embeddable":true,"href":"https:\/\/sertv.gob.pa\/crisolfm\/wp-json\/wp\/v2\/media\/21857"}],"wp:attachment":[{"href":"https:\/\/sertv.gob.pa\/crisolfm\/wp-json\/wp\/v2\/media?parent=21856"}],"wp:term":[{"taxonomy":"category","embeddable":true,"href":"https:\/\/sertv.gob.pa\/crisolfm\/wp-json\/wp\/v2\/categories?post=21856"},{"taxonomy":"post_tag","embeddable":true,"href":"https:\/\/sertv.gob.pa\/crisolfm\/wp-json\/wp\/v2\/tags?post=21856"}],"curies":[{"name":"wp","href":"https:\/\/api.w.org\/{rel}","templated":true}]}}