{"id":21866,"date":"2019-08-29T14:38:10","date_gmt":"2019-08-29T14:38:10","guid":{"rendered":"https:\/\/sertv.gob.pa\/crisolfm\/?p=21866"},"modified":"2019-08-29T14:38:10","modified_gmt":"2019-08-29T14:38:10","slug":"fuertes-vientos-y-lluvias-ocasionaron-afectaciones-en-el-pais","status":"publish","type":"post","link":"https:\/\/sertv.gob.pa\/crisolfm\/fuertes-vientos-y-lluvias-ocasionaron-afectaciones-en-el-pais\/","title":{"rendered":"Fuertes vientos y lluvias ocasionaron afectaciones en el pa\u00eds"},"content":{"rendered":"<p>M\u00faltiples afectaciones se registraron ayer producto de los fuertes vientos y lluvias que se dieron en distintos puntos del pa\u00eds. La v\u00eda Domingo D\u00edaz, a la altura de Cerro Viento, se inund\u00f3 causando un pesado tr\u00e1fico por la lenta movilizaci\u00f3n de autom\u00f3viles.<\/p>\n<p>Adem\u00e1s, los fuertes vientos provocaron que una palmera cayera sobre varios veh\u00edculos que se hallaban estacionados en los predios de la Corte Suprema de Justicia. Por la misma raz\u00f3n otra palmera cay\u00f3 sobre la estructura de un edificio de la calle 44 de Bella Vista.<\/p>\n<p>El Sistema Nacional de Protecci\u00f3n Civil inform\u00f3 que las lluvias dejaron afectaciones en Panam\u00e1, Col\u00f3n, Panam\u00e1 Oeste, Cocl\u00e9, Veraguas y Herrera y se\u00f1alaron que 4 viviendas resultaron afectadas por voladuras de techo, igualmente 26 \u00e1rboles ocasionaron da\u00f1os al caer sobre techos, autos, v\u00edas y tendidos el\u00e9ctricos.<\/p>\n<p>&nbsp;<\/p>\n","protected":false},"excerpt":{"rendered":"<p>M\u00faltiples afectaciones se registraron ayer producto de los fuertes vientos <a href=\"https:\/\/sertv.gob.pa\/crisolfm\/fuertes-vientos-y-lluvias-ocasionaron-afectaciones-en-el-pais\/\"> [&#8230;]<\/a><\/p>\n","protected":false},"author":64,"featured_media":21867,"comment_status":"closed","ping_status":"closed","sticky":false,"template":"","format":"standard","meta":{"footnotes":""},"categories":[7],"tags":[],"class_list":["post-21866","post","type-post","status-publish","format-standard","has-post-thumbnail","hentry","category-ecologicas"],"_links":{"self":[{"href":"https:\/\/sertv.gob.pa\/crisolfm\/wp-json\/wp\/v2\/posts\/21866","targetHints":{"allow":["GET"]}}],"collection":[{"href":"https:\/\/sertv.gob.pa\/crisolfm\/wp-json\/wp\/v2\/posts"}],"about":[{"href":"https:\/\/sertv.gob.pa\/crisolfm\/wp-json\/wp\/v2\/types\/post"}],"author":[{"embeddable":true,"href":"https:\/\/sertv.gob.pa\/crisolfm\/wp-json\/wp\/v2\/users\/64"}],"replies":[{"embeddable":true,"href":"https:\/\/sertv.gob.pa\/crisolfm\/wp-json\/wp\/v2\/comments?post=21866"}],"version-history":[{"count":1,"href":"https:\/\/sertv.gob.pa\/crisolfm\/wp-json\/wp\/v2\/posts\/21866\/revisions"}],"predecessor-version":[{"id":21868,"href":"https:\/\/sertv.gob.pa\/crisolfm\/wp-json\/wp\/v2\/posts\/21866\/revisions\/21868"}],"wp:featuredmedia":[{"embeddable":true,"href":"https:\/\/sertv.gob.pa\/crisolfm\/wp-json\/wp\/v2\/media\/21867"}],"wp:attachment":[{"href":"https:\/\/sertv.gob.pa\/crisolfm\/wp-json\/wp\/v2\/media?parent=21866"}],"wp:term":[{"taxonomy":"category","embeddable":true,"href":"https:\/\/sertv.gob.pa\/crisolfm\/wp-json\/wp\/v2\/categories?post=21866"},{"taxonomy":"post_tag","embeddable":true,"href":"https:\/\/sertv.gob.pa\/crisolfm\/wp-json\/wp\/v2\/tags?post=21866"}],"curies":[{"name":"wp","href":"https:\/\/api.w.org\/{rel}","templated":true}]}}