{"id":21878,"date":"2019-08-29T16:03:39","date_gmt":"2019-08-29T16:03:39","guid":{"rendered":"https:\/\/sertv.gob.pa\/crisolfm\/?p=21878"},"modified":"2019-08-29T16:03:39","modified_gmt":"2019-08-29T16:03:39","slug":"ecologistas-reclaman-medidas-urgentes-para-contener-los-incendios-que-amenazan-la-selva-africana","status":"publish","type":"post","link":"https:\/\/sertv.gob.pa\/crisolfm\/ecologistas-reclaman-medidas-urgentes-para-contener-los-incendios-que-amenazan-la-selva-africana\/","title":{"rendered":"Ecologistas reclaman medidas urgentes para contener los incendios que amenazan la selva africana"},"content":{"rendered":"<p>Desde el 21 de agosto, se han documentado\u00a0m\u00e1s de <strong>6.902 incendios en Angola y 3.395 incendios en la vecina Rep\u00fablica Democr\u00e1tica del Congo<\/strong>, predominantemente en zonas de sabana. Al igual que la selva amaz\u00f3nica, la selva tropical de la cuenca del Congo corre el riesgo de ser golpeada nuevamente por incendios incontrolados.<\/p>\n<p>Greenpeace pide a los gobiernos de la cuenca del Congo que tomen <strong>medidas inmediatas para evitar que los incendios afecten a la selva tropical.<\/strong> A largo plazo, los gobiernos deben poner fin a toda actividad industrial dentro de la segunda selva tropical m\u00e1s grande del mundo.<\/p>\n<p>\u201c<em>Debemos aprender de la actual crisis de incendios en la Amazon\u00eda y tomar las medidas necesarias para garantizar que se controlan los fuegos y no se propagan hacia los bosques de la cuenca del Congo<\/em>\u201d, ha declarado Ir\u00e8ne Wabiwa Betoko, responsable de la campa\u00f1a de Bosques de Greenpeace \u00c1frica. El bosque tropical de la cuenca del Congo es el hogar de\u00a0<em>un mill\u00f3n de ind\u00edgenas<\/em>\u00a0aproximadamente, que son sus primeros guardianes, as\u00ed como\u00a0miles de<strong> especies de flora y fauna\u00a0que dependen de \u00e9l. <\/strong><\/p>\n<p><strong>ECOticias<\/strong><\/p>\n<p>&nbsp;<\/p>\n","protected":false},"excerpt":{"rendered":"<p>Desde el 21 de agosto, se han documentado\u00a0m\u00e1s de 6.902 <a href=\"https:\/\/sertv.gob.pa\/crisolfm\/ecologistas-reclaman-medidas-urgentes-para-contener-los-incendios-que-amenazan-la-selva-africana\/\"> [&#8230;]<\/a><\/p>\n","protected":false},"author":64,"featured_media":21879,"comment_status":"closed","ping_status":"closed","sticky":false,"template":"","format":"standard","meta":{"footnotes":""},"categories":[7],"tags":[],"class_list":["post-21878","post","type-post","status-publish","format-standard","has-post-thumbnail","hentry","category-ecologicas"],"_links":{"self":[{"href":"https:\/\/sertv.gob.pa\/crisolfm\/wp-json\/wp\/v2\/posts\/21878","targetHints":{"allow":["GET"]}}],"collection":[{"href":"https:\/\/sertv.gob.pa\/crisolfm\/wp-json\/wp\/v2\/posts"}],"about":[{"href":"https:\/\/sertv.gob.pa\/crisolfm\/wp-json\/wp\/v2\/types\/post"}],"author":[{"embeddable":true,"href":"https:\/\/sertv.gob.pa\/crisolfm\/wp-json\/wp\/v2\/users\/64"}],"replies":[{"embeddable":true,"href":"https:\/\/sertv.gob.pa\/crisolfm\/wp-json\/wp\/v2\/comments?post=21878"}],"version-history":[{"count":1,"href":"https:\/\/sertv.gob.pa\/crisolfm\/wp-json\/wp\/v2\/posts\/21878\/revisions"}],"predecessor-version":[{"id":21880,"href":"https:\/\/sertv.gob.pa\/crisolfm\/wp-json\/wp\/v2\/posts\/21878\/revisions\/21880"}],"wp:featuredmedia":[{"embeddable":true,"href":"https:\/\/sertv.gob.pa\/crisolfm\/wp-json\/wp\/v2\/media\/21879"}],"wp:attachment":[{"href":"https:\/\/sertv.gob.pa\/crisolfm\/wp-json\/wp\/v2\/media?parent=21878"}],"wp:term":[{"taxonomy":"category","embeddable":true,"href":"https:\/\/sertv.gob.pa\/crisolfm\/wp-json\/wp\/v2\/categories?post=21878"},{"taxonomy":"post_tag","embeddable":true,"href":"https:\/\/sertv.gob.pa\/crisolfm\/wp-json\/wp\/v2\/tags?post=21878"}],"curies":[{"name":"wp","href":"https:\/\/api.w.org\/{rel}","templated":true}]}}