{"id":21884,"date":"2019-08-29T16:28:33","date_gmt":"2019-08-29T16:28:33","guid":{"rendered":"https:\/\/sertv.gob.pa\/crisolfm\/?p=21884"},"modified":"2019-08-29T16:28:33","modified_gmt":"2019-08-29T16:28:33","slug":"sismo-de-5-2-grados-estremecio-la-provincia-de-chiriqui","status":"publish","type":"post","link":"https:\/\/sertv.gob.pa\/crisolfm\/sismo-de-5-2-grados-estremecio-la-provincia-de-chiriqui\/","title":{"rendered":"Sismo de 5.2 grados estremeci\u00f3 la provincia de Chiriqu\u00ed"},"content":{"rendered":"<p>Un<strong> sismo de 5.2 grados en la escala de Ritcher estremeci\u00f3\u00a0el<\/strong>\u00a0mi\u00e9rcoles la provincia de Chiriqu\u00ed pasada las<strong> 6:30 de la tarde generando temor en la poblaci\u00f3n<\/strong>, quienes buscaron un sitio seguro para protegerse.<\/p>\n<p>El director regional del <strong>Sistema Nacional de Protecci\u00f3n Civil (Sinaproc),<\/strong> indic\u00f3 que en un monitoreo realizado no se registraron personas heridas y tampoco afectaciones a viviendas. \u00bb Preliminarmente no hay reporte de personas heridas o da\u00f1os materiales; <strong>no obstante, se mantiene un monitoreo en toda la provincia de Chiriqu\u00ed\u00bb<\/strong>, asegur\u00f3 el director regional.<\/p>\n<p>El director regional de Sinaproc a\u00f1adi\u00f3 que el sismo se origin\u00f3 en el distrito de Bugaba, generando que se sintiera con m\u00e1s intensidad en dicho lugar, adem\u00e1s de David, Boquete y el distrito de Tierras Altas. Expres\u00f3 que se hizo un llamado a la poblaci\u00f3n para tomar las medidas de seguridad de registrarse<strong> otros movimientos s\u00edsmicos.<\/strong><\/p>\n<p>&nbsp;<\/p>\n","protected":false},"excerpt":{"rendered":"<p>Un sismo de 5.2 grados en la escala de Ritcher <a href=\"https:\/\/sertv.gob.pa\/crisolfm\/sismo-de-5-2-grados-estremecio-la-provincia-de-chiriqui\/\"> [&#8230;]<\/a><\/p>\n","protected":false},"author":64,"featured_media":21885,"comment_status":"closed","ping_status":"closed","sticky":false,"template":"","format":"standard","meta":{"footnotes":""},"categories":[7],"tags":[],"class_list":["post-21884","post","type-post","status-publish","format-standard","has-post-thumbnail","hentry","category-ecologicas"],"_links":{"self":[{"href":"https:\/\/sertv.gob.pa\/crisolfm\/wp-json\/wp\/v2\/posts\/21884","targetHints":{"allow":["GET"]}}],"collection":[{"href":"https:\/\/sertv.gob.pa\/crisolfm\/wp-json\/wp\/v2\/posts"}],"about":[{"href":"https:\/\/sertv.gob.pa\/crisolfm\/wp-json\/wp\/v2\/types\/post"}],"author":[{"embeddable":true,"href":"https:\/\/sertv.gob.pa\/crisolfm\/wp-json\/wp\/v2\/users\/64"}],"replies":[{"embeddable":true,"href":"https:\/\/sertv.gob.pa\/crisolfm\/wp-json\/wp\/v2\/comments?post=21884"}],"version-history":[{"count":1,"href":"https:\/\/sertv.gob.pa\/crisolfm\/wp-json\/wp\/v2\/posts\/21884\/revisions"}],"predecessor-version":[{"id":21886,"href":"https:\/\/sertv.gob.pa\/crisolfm\/wp-json\/wp\/v2\/posts\/21884\/revisions\/21886"}],"wp:featuredmedia":[{"embeddable":true,"href":"https:\/\/sertv.gob.pa\/crisolfm\/wp-json\/wp\/v2\/media\/21885"}],"wp:attachment":[{"href":"https:\/\/sertv.gob.pa\/crisolfm\/wp-json\/wp\/v2\/media?parent=21884"}],"wp:term":[{"taxonomy":"category","embeddable":true,"href":"https:\/\/sertv.gob.pa\/crisolfm\/wp-json\/wp\/v2\/categories?post=21884"},{"taxonomy":"post_tag","embeddable":true,"href":"https:\/\/sertv.gob.pa\/crisolfm\/wp-json\/wp\/v2\/tags?post=21884"}],"curies":[{"name":"wp","href":"https:\/\/api.w.org\/{rel}","templated":true}]}}