{"id":21887,"date":"2019-08-29T18:30:28","date_gmt":"2019-08-29T18:30:28","guid":{"rendered":"https:\/\/sertv.gob.pa\/crisolfm\/?p=21887"},"modified":"2019-08-29T18:30:28","modified_gmt":"2019-08-29T18:30:28","slug":"sinaproc-advierte-por-mareas-altas-en-el-pacifico","status":"publish","type":"post","link":"https:\/\/sertv.gob.pa\/crisolfm\/sinaproc-advierte-por-mareas-altas-en-el-pacifico\/","title":{"rendered":"Sinaproc advierte por mareas altas en el Pac\u00edfico"},"content":{"rendered":"<p>El <strong>Centro de Operaciones de Emergencias Nacional (COEN)<\/strong> del Sistema Nacional de Protecci\u00f3n Civil <strong>(Sinaproc)<\/strong>, emiti\u00f3 un aviso de prevenci\u00f3n por mareas altas en el Pac\u00edfico paname\u00f1o, a partir de las 2:43 p.m. del<strong> jueves, 29 de agosto hasta las 8:09 a.m. del jueves, 5 de septiembre de 2019.<\/strong><\/p>\n<p>En un comunicado el <strong>Sinaproc<\/strong> inform\u00f3 que el nivel m\u00e1ximo alcanzar\u00e1 los 18.4 pies (5.61 metros); por lo que la poblaci\u00f3n que vive en las zonas costeras deber\u00e1 atender las medidas de prevenci\u00f3n, porque de coincidir la marea alta con las lluvias, \u00e9stas podr\u00edan incrementar los niveles de los r\u00edos y quebradas ocasionando inundaciones en \u00e1reas de riesgo.<\/p>\n<p>&nbsp;<\/p>\n","protected":false},"excerpt":{"rendered":"<p>El Centro de Operaciones de Emergencias Nacional (COEN) del Sistema <a href=\"https:\/\/sertv.gob.pa\/crisolfm\/sinaproc-advierte-por-mareas-altas-en-el-pacifico\/\"> [&#8230;]<\/a><\/p>\n","protected":false},"author":64,"featured_media":21888,"comment_status":"closed","ping_status":"closed","sticky":false,"template":"","format":"standard","meta":{"footnotes":""},"categories":[7],"tags":[],"class_list":["post-21887","post","type-post","status-publish","format-standard","has-post-thumbnail","hentry","category-ecologicas"],"_links":{"self":[{"href":"https:\/\/sertv.gob.pa\/crisolfm\/wp-json\/wp\/v2\/posts\/21887","targetHints":{"allow":["GET"]}}],"collection":[{"href":"https:\/\/sertv.gob.pa\/crisolfm\/wp-json\/wp\/v2\/posts"}],"about":[{"href":"https:\/\/sertv.gob.pa\/crisolfm\/wp-json\/wp\/v2\/types\/post"}],"author":[{"embeddable":true,"href":"https:\/\/sertv.gob.pa\/crisolfm\/wp-json\/wp\/v2\/users\/64"}],"replies":[{"embeddable":true,"href":"https:\/\/sertv.gob.pa\/crisolfm\/wp-json\/wp\/v2\/comments?post=21887"}],"version-history":[{"count":1,"href":"https:\/\/sertv.gob.pa\/crisolfm\/wp-json\/wp\/v2\/posts\/21887\/revisions"}],"predecessor-version":[{"id":21889,"href":"https:\/\/sertv.gob.pa\/crisolfm\/wp-json\/wp\/v2\/posts\/21887\/revisions\/21889"}],"wp:featuredmedia":[{"embeddable":true,"href":"https:\/\/sertv.gob.pa\/crisolfm\/wp-json\/wp\/v2\/media\/21888"}],"wp:attachment":[{"href":"https:\/\/sertv.gob.pa\/crisolfm\/wp-json\/wp\/v2\/media?parent=21887"}],"wp:term":[{"taxonomy":"category","embeddable":true,"href":"https:\/\/sertv.gob.pa\/crisolfm\/wp-json\/wp\/v2\/categories?post=21887"},{"taxonomy":"post_tag","embeddable":true,"href":"https:\/\/sertv.gob.pa\/crisolfm\/wp-json\/wp\/v2\/tags?post=21887"}],"curies":[{"name":"wp","href":"https:\/\/api.w.org\/{rel}","templated":true}]}}