{"id":21899,"date":"2019-08-30T13:46:30","date_gmt":"2019-08-30T13:46:30","guid":{"rendered":"https:\/\/sertv.gob.pa\/crisolfm\/?p=21899"},"modified":"2019-08-30T13:46:30","modified_gmt":"2019-08-30T13:46:30","slug":"almodovar-recibe-en-venecia-el-leon-a-la-carrera-como-un-acto-de-justicia-poetica","status":"publish","type":"post","link":"https:\/\/sertv.gob.pa\/crisolfm\/almodovar-recibe-en-venecia-el-leon-a-la-carrera-como-un-acto-de-justicia-poetica\/","title":{"rendered":"Almod\u00f3var recibe en Venecia el Le\u00f3n a la Carrera como un \u00abacto de justicia po\u00e9tica\u00bb"},"content":{"rendered":"<p style=\"text-align: justify\">La Mostra de Venecia consagr\u00f3 este jueves con el Le\u00f3n de Oro a la Carrera al cineasta espa\u00f1ol Pedro Almod\u00f3var, quien recibi\u00f3 el prestigioso premio como un \u00abacto de justicia po\u00e9tica\u00bb.<\/p>\n<p style=\"text-align: justify\">El cineasta, que el director del certamen, el cr\u00edtico italiano Alberto Babera, considera \u00abel m\u00e1s grande e influyente\u00bb cineasta espa\u00f1ol desde Luis Bu\u00f1uel, no ha recibido hasta ahora ninguno de los mayores galardones de los festivales europeos como Cannes y Venecia.<\/p>\n<p style=\"text-align: justify\">\u00abTreinta a\u00f1os despu\u00e9s me est\u00e1n dando el Le\u00f3n de Oro por una pel\u00edcula de 1988. Es un acto de justicia po\u00e9tica\u00bb, coment\u00f3 divertido durante una conferencia de prensa celebrada poco antes de la ceremonia oficial en la Sala Grande.<\/p>\n<p style=\"text-align: justify\">El realizador se refer\u00eda al filme \u00abMujeres al borde de un ataque de nervios\u00bb, que compiti\u00f3 ese a\u00f1o en la Mostra veneciana y que hab\u00eda entusiasmado al presidente del jurado de entonces, el cineasta italiano Sergio Leone.<\/p>\n<p style=\"text-align: justify\">AFP<\/p>\n","protected":false},"excerpt":{"rendered":"<p>La Mostra de Venecia consagr\u00f3 este jueves con el Le\u00f3n <a href=\"https:\/\/sertv.gob.pa\/crisolfm\/almodovar-recibe-en-venecia-el-leon-a-la-carrera-como-un-acto-de-justicia-poetica\/\"> [&#8230;]<\/a><\/p>\n","protected":false},"author":64,"featured_media":21900,"comment_status":"closed","ping_status":"closed","sticky":false,"template":"","format":"standard","meta":{"footnotes":""},"categories":[6],"tags":[],"class_list":["post-21899","post","type-post","status-publish","format-standard","has-post-thumbnail","hentry","category-culturales"],"_links":{"self":[{"href":"https:\/\/sertv.gob.pa\/crisolfm\/wp-json\/wp\/v2\/posts\/21899","targetHints":{"allow":["GET"]}}],"collection":[{"href":"https:\/\/sertv.gob.pa\/crisolfm\/wp-json\/wp\/v2\/posts"}],"about":[{"href":"https:\/\/sertv.gob.pa\/crisolfm\/wp-json\/wp\/v2\/types\/post"}],"author":[{"embeddable":true,"href":"https:\/\/sertv.gob.pa\/crisolfm\/wp-json\/wp\/v2\/users\/64"}],"replies":[{"embeddable":true,"href":"https:\/\/sertv.gob.pa\/crisolfm\/wp-json\/wp\/v2\/comments?post=21899"}],"version-history":[{"count":1,"href":"https:\/\/sertv.gob.pa\/crisolfm\/wp-json\/wp\/v2\/posts\/21899\/revisions"}],"predecessor-version":[{"id":21901,"href":"https:\/\/sertv.gob.pa\/crisolfm\/wp-json\/wp\/v2\/posts\/21899\/revisions\/21901"}],"wp:featuredmedia":[{"embeddable":true,"href":"https:\/\/sertv.gob.pa\/crisolfm\/wp-json\/wp\/v2\/media\/21900"}],"wp:attachment":[{"href":"https:\/\/sertv.gob.pa\/crisolfm\/wp-json\/wp\/v2\/media?parent=21899"}],"wp:term":[{"taxonomy":"category","embeddable":true,"href":"https:\/\/sertv.gob.pa\/crisolfm\/wp-json\/wp\/v2\/categories?post=21899"},{"taxonomy":"post_tag","embeddable":true,"href":"https:\/\/sertv.gob.pa\/crisolfm\/wp-json\/wp\/v2\/tags?post=21899"}],"curies":[{"name":"wp","href":"https:\/\/api.w.org\/{rel}","templated":true}]}}