{"id":21902,"date":"2019-08-30T14:02:09","date_gmt":"2019-08-30T14:02:09","guid":{"rendered":"https:\/\/sertv.gob.pa\/crisolfm\/?p=21902"},"modified":"2019-08-30T14:02:09","modified_gmt":"2019-08-30T14:02:09","slug":"festival-de-cine-icaro-estara-en-6-ciudades-de-panama","status":"publish","type":"post","link":"https:\/\/sertv.gob.pa\/crisolfm\/festival-de-cine-icaro-estara-en-6-ciudades-de-panama\/","title":{"rendered":"Festival de Cine \u00cdcaro estar\u00e1 en 6 ciudades de Panam\u00e1"},"content":{"rendered":"<p>El 12\u00b0 Festival de Cine \u00cdcaro 2019 comenzar\u00e1 el 5 septiembre en 6 ciudades del pa\u00eds: Panam\u00e1, Col\u00f3n, David, Puerto Armuelles, Almirante, con la organizaci\u00f3n del GECU de la Universidad de Panam\u00e1 y la Fundaci\u00f3n pro Artes Esc\u00e9nicas y Audiovisuales (FAE).<\/p>\n<p>El festival, especializado en la cinematograf\u00eda de Centroam\u00e9rica, tendr\u00e1 su sede en la capital en el Cine Universitario, donde se llevar\u00e1 a cabo su inauguraci\u00f3n, a las 7:30 p.m. con la proyecci\u00f3n del corto de El Salvador, Pulsi\u00f3n, de Gabriel Novoa, y el largo de ficci\u00f3n de Costa Rica, El baile de la gacela, de Iv\u00e1n Porras, y luego seguir\u00e1 hasta el viernes 13, en la sala del principal centro de estudios superiores.<\/p>\n<p>El evento gratuito contar\u00e1 con varios espacios de proyecci\u00f3n en el interior, que ser\u00e1n del 9 al 13 en Almirante, en la sede del Municipio; en Changuinola, en el Centro de Estudios Superiores de Bellas Artes y en el Centro Regional Universitario; en David, en el Sistema de Bibliotecas de la Universidad Aut\u00f3noma de Chiriqu\u00ed y en la Escuela Municipal de Bellas Artes y en Puerto Armuelles, en el Centro de Estudios Superiores de Bellas Artes. Mientras que en Col\u00f3n ser\u00e1 del 10 al 12, en el Centro Regional Universitario.<\/p>\n<p>La programaci\u00f3n incluir\u00e1 una selecci\u00f3n de pel\u00edculas centroamericanas premiadas en el pasado festival, con sede en Guatemala; una selecci\u00f3n de pel\u00edculas de todas partes del mundo igualmente galardonadas en dicho certamen y la presentaci\u00f3n de las 10 pel\u00edculas paname\u00f1as.<\/p>\n","protected":false},"excerpt":{"rendered":"<p>El 12\u00b0 Festival de Cine \u00cdcaro 2019 comenzar\u00e1 el 5 <a href=\"https:\/\/sertv.gob.pa\/crisolfm\/festival-de-cine-icaro-estara-en-6-ciudades-de-panama\/\"> [&#8230;]<\/a><\/p>\n","protected":false},"author":64,"featured_media":21903,"comment_status":"closed","ping_status":"closed","sticky":false,"template":"","format":"standard","meta":{"footnotes":""},"categories":[6],"tags":[],"class_list":["post-21902","post","type-post","status-publish","format-standard","has-post-thumbnail","hentry","category-culturales"],"_links":{"self":[{"href":"https:\/\/sertv.gob.pa\/crisolfm\/wp-json\/wp\/v2\/posts\/21902","targetHints":{"allow":["GET"]}}],"collection":[{"href":"https:\/\/sertv.gob.pa\/crisolfm\/wp-json\/wp\/v2\/posts"}],"about":[{"href":"https:\/\/sertv.gob.pa\/crisolfm\/wp-json\/wp\/v2\/types\/post"}],"author":[{"embeddable":true,"href":"https:\/\/sertv.gob.pa\/crisolfm\/wp-json\/wp\/v2\/users\/64"}],"replies":[{"embeddable":true,"href":"https:\/\/sertv.gob.pa\/crisolfm\/wp-json\/wp\/v2\/comments?post=21902"}],"version-history":[{"count":1,"href":"https:\/\/sertv.gob.pa\/crisolfm\/wp-json\/wp\/v2\/posts\/21902\/revisions"}],"predecessor-version":[{"id":21904,"href":"https:\/\/sertv.gob.pa\/crisolfm\/wp-json\/wp\/v2\/posts\/21902\/revisions\/21904"}],"wp:featuredmedia":[{"embeddable":true,"href":"https:\/\/sertv.gob.pa\/crisolfm\/wp-json\/wp\/v2\/media\/21903"}],"wp:attachment":[{"href":"https:\/\/sertv.gob.pa\/crisolfm\/wp-json\/wp\/v2\/media?parent=21902"}],"wp:term":[{"taxonomy":"category","embeddable":true,"href":"https:\/\/sertv.gob.pa\/crisolfm\/wp-json\/wp\/v2\/categories?post=21902"},{"taxonomy":"post_tag","embeddable":true,"href":"https:\/\/sertv.gob.pa\/crisolfm\/wp-json\/wp\/v2\/tags?post=21902"}],"curies":[{"name":"wp","href":"https:\/\/api.w.org\/{rel}","templated":true}]}}