{"id":21914,"date":"2019-08-30T14:32:41","date_gmt":"2019-08-30T14:32:41","guid":{"rendered":"https:\/\/sertv.gob.pa\/crisolfm\/?p=21914"},"modified":"2019-08-30T14:32:41","modified_gmt":"2019-08-30T14:32:41","slug":"desaparece-el-mural-sobre-el-brexit-de-banksy","status":"publish","type":"post","link":"https:\/\/sertv.gob.pa\/crisolfm\/desaparece-el-mural-sobre-el-brexit-de-banksy\/","title":{"rendered":"Desaparece el mural sobre el Brexit de Banksy"},"content":{"rendered":"<p>Tras dos a\u00f1os desde su creaci\u00f3n, el cr\u00edtico mural de <strong>Banksy <\/strong>con la <strong>salida del Reino Unido de la Uni\u00f3n Europea<\/strong> desapareci\u00f3, literalmente, de la noche a la ma\u00f1ana, tal y como <a href=\"https:\/\/twitter.com\/petrafmc11\/status\/1165594324031197184?ref_src=twsrc%5Etfw%7Ctwcamp%5Etweetembed%7Ctwterm%5E1165594324031197184&amp;ref_url=https%3A%2F%2Factualidad.rt.com%2Factualidad%2F325115-fotos-desaparecer-famoso-mural-banksy\" target=\"_blank\" rel=\"noopener\">informaron <\/a>residentes de la zona. La pintura, realizada en la ciudad brit\u00e1nica de <strong>Dover<\/strong>, amaneci\u00f3 con andamios por toda la fachada y repleta de pintura blanca, aunque se desconoce si ha sido eliminada o arrancada para su venta por la familia propietaria, los <strong>Godden<\/strong>.<\/p>\n<p>\u00abHa sido un acto de vandalismo cultural de alto nivel\u00bb, <a href=\"https:\/\/twitter.com\/MashTunDover\/status\/1165581125168898049\/photo\/1?ref_src=twsrc%5Etfw%7Ctwcamp%5Etweetembed%7Ctwterm%5E1165581125168898049&amp;ref_url=https%3A%2F%2Factualidad.rt.com%2Factualidad%2F325115-fotos-desaparecer-famoso-mural-banksy\" target=\"_blank\" rel=\"noopener\">criticaron <\/a>algunos ciudadanos en sus redes sociales. La realidad es que el mural no gust\u00f3 a toda la gente, ya que en \u00e9l aparec\u00eda un obrero con un martillo golpeando la caracter\u00edstica bandera azul estrellada de la Uni\u00f3n Europea. Adem\u00e1s, la ciudad de Dover adquiere un simbolismo \u00fanico, ya que <strong>su ferry une al Reino Unido con Europa<\/strong>.<\/p>\n<p>La pintura apareci\u00f3 en 2017, cuando las negociaciones entre <strong>Theresa May<\/strong> y la UE amenazaban con la salida del Reino Unido del conjunto europeo. Banksy se posicion\u00f3 claramente en contra del <strong>Brexit<\/strong>, dejando ver por primera vez su posici\u00f3n en toda esta trama pol\u00edtica.<\/p>\n<p>ABC Cultura<\/p>\n","protected":false},"excerpt":{"rendered":"<p>Tras dos a\u00f1os desde su creaci\u00f3n, el cr\u00edtico mural de <a href=\"https:\/\/sertv.gob.pa\/crisolfm\/desaparece-el-mural-sobre-el-brexit-de-banksy\/\"> [&#8230;]<\/a><\/p>\n","protected":false},"author":64,"featured_media":21915,"comment_status":"closed","ping_status":"closed","sticky":false,"template":"","format":"standard","meta":{"footnotes":""},"categories":[6],"tags":[],"class_list":["post-21914","post","type-post","status-publish","format-standard","has-post-thumbnail","hentry","category-culturales"],"_links":{"self":[{"href":"https:\/\/sertv.gob.pa\/crisolfm\/wp-json\/wp\/v2\/posts\/21914","targetHints":{"allow":["GET"]}}],"collection":[{"href":"https:\/\/sertv.gob.pa\/crisolfm\/wp-json\/wp\/v2\/posts"}],"about":[{"href":"https:\/\/sertv.gob.pa\/crisolfm\/wp-json\/wp\/v2\/types\/post"}],"author":[{"embeddable":true,"href":"https:\/\/sertv.gob.pa\/crisolfm\/wp-json\/wp\/v2\/users\/64"}],"replies":[{"embeddable":true,"href":"https:\/\/sertv.gob.pa\/crisolfm\/wp-json\/wp\/v2\/comments?post=21914"}],"version-history":[{"count":1,"href":"https:\/\/sertv.gob.pa\/crisolfm\/wp-json\/wp\/v2\/posts\/21914\/revisions"}],"predecessor-version":[{"id":21916,"href":"https:\/\/sertv.gob.pa\/crisolfm\/wp-json\/wp\/v2\/posts\/21914\/revisions\/21916"}],"wp:featuredmedia":[{"embeddable":true,"href":"https:\/\/sertv.gob.pa\/crisolfm\/wp-json\/wp\/v2\/media\/21915"}],"wp:attachment":[{"href":"https:\/\/sertv.gob.pa\/crisolfm\/wp-json\/wp\/v2\/media?parent=21914"}],"wp:term":[{"taxonomy":"category","embeddable":true,"href":"https:\/\/sertv.gob.pa\/crisolfm\/wp-json\/wp\/v2\/categories?post=21914"},{"taxonomy":"post_tag","embeddable":true,"href":"https:\/\/sertv.gob.pa\/crisolfm\/wp-json\/wp\/v2\/tags?post=21914"}],"curies":[{"name":"wp","href":"https:\/\/api.w.org\/{rel}","templated":true}]}}