{"id":21917,"date":"2019-08-30T15:11:17","date_gmt":"2019-08-30T15:11:17","guid":{"rendered":"https:\/\/sertv.gob.pa\/crisolfm\/?p=21917"},"modified":"2019-08-30T15:11:17","modified_gmt":"2019-08-30T15:11:17","slug":"el-ser-humano-pagara-muy-caro-el-cambio-climatico","status":"publish","type":"post","link":"https:\/\/sertv.gob.pa\/crisolfm\/el-ser-humano-pagara-muy-caro-el-cambio-climatico\/","title":{"rendered":"El ser humano pagar\u00e1 muy caro el cambio clim\u00e1tico"},"content":{"rendered":"<p>El informe del Grupo de Cambio Clim\u00e1tico del Banco Mundial\u00a0<a href=\"https:\/\/www.bancomundial.org\/es\/news\/infographic\/2018\/03\/19\/groundswell---preparing-for-internal-climate-migration\" target=\"_blank\" rel=\"noopener\"><em>Groundswell: Prepararse para las migraciones internas provocadas por impactos clim\u00e1ticos\u00a0<\/em><\/a>ofrece una reflexi\u00f3n sobre las<strong> migraciones transfronterizas <\/strong>y sus consecuencias para los pa\u00edses receptores.El n\u00famero de personas que migran dentro de sus propios pa\u00edses es mucho mayor a la de quienes cruzan fronteras.<\/p>\n<p>Kristalina Georgieva, Directora General del Grupo Banco Mundial, considera que \u00abcada d\u00eda, <strong>el cambio clim\u00e1tico se convierte en una amenaza econ\u00f3mica, social y existencia<\/strong>l m\u00e1s urgente para los pa\u00edses y sus habitantes (&#8230;) Los investigadores reconocen cada vez m\u00e1s ampliamente que una mayor parte de personas se trasladar\u00e1 dentro de sus fronteras naciones para escapar de los impactos del cambio clim\u00e1tico de evoluci\u00f3n lenta, como las sequ\u00edas, la reducci\u00f3n de cosechas y el aumento del nivel del mar.\u00bb<\/p>\n<p>Los migrantes internos por motivos clim\u00e1ticos se est\u00e1n convirtiendo r\u00e1pidamente en el rostro humano del cambio clim\u00e1tico.<\/p>\n<p>ECOticias<\/p>\n","protected":false},"excerpt":{"rendered":"<p>El informe del Grupo de Cambio Clim\u00e1tico del Banco Mundial\u00a0Groundswell: <a href=\"https:\/\/sertv.gob.pa\/crisolfm\/el-ser-humano-pagara-muy-caro-el-cambio-climatico\/\"> [&#8230;]<\/a><\/p>\n","protected":false},"author":64,"featured_media":21918,"comment_status":"closed","ping_status":"closed","sticky":false,"template":"","format":"standard","meta":{"footnotes":""},"categories":[7],"tags":[],"class_list":["post-21917","post","type-post","status-publish","format-standard","has-post-thumbnail","hentry","category-ecologicas"],"_links":{"self":[{"href":"https:\/\/sertv.gob.pa\/crisolfm\/wp-json\/wp\/v2\/posts\/21917","targetHints":{"allow":["GET"]}}],"collection":[{"href":"https:\/\/sertv.gob.pa\/crisolfm\/wp-json\/wp\/v2\/posts"}],"about":[{"href":"https:\/\/sertv.gob.pa\/crisolfm\/wp-json\/wp\/v2\/types\/post"}],"author":[{"embeddable":true,"href":"https:\/\/sertv.gob.pa\/crisolfm\/wp-json\/wp\/v2\/users\/64"}],"replies":[{"embeddable":true,"href":"https:\/\/sertv.gob.pa\/crisolfm\/wp-json\/wp\/v2\/comments?post=21917"}],"version-history":[{"count":1,"href":"https:\/\/sertv.gob.pa\/crisolfm\/wp-json\/wp\/v2\/posts\/21917\/revisions"}],"predecessor-version":[{"id":21919,"href":"https:\/\/sertv.gob.pa\/crisolfm\/wp-json\/wp\/v2\/posts\/21917\/revisions\/21919"}],"wp:featuredmedia":[{"embeddable":true,"href":"https:\/\/sertv.gob.pa\/crisolfm\/wp-json\/wp\/v2\/media\/21918"}],"wp:attachment":[{"href":"https:\/\/sertv.gob.pa\/crisolfm\/wp-json\/wp\/v2\/media?parent=21917"}],"wp:term":[{"taxonomy":"category","embeddable":true,"href":"https:\/\/sertv.gob.pa\/crisolfm\/wp-json\/wp\/v2\/categories?post=21917"},{"taxonomy":"post_tag","embeddable":true,"href":"https:\/\/sertv.gob.pa\/crisolfm\/wp-json\/wp\/v2\/tags?post=21917"}],"curies":[{"name":"wp","href":"https:\/\/api.w.org\/{rel}","templated":true}]}}