{"id":21920,"date":"2019-08-30T15:19:30","date_gmt":"2019-08-30T15:19:30","guid":{"rendered":"https:\/\/sertv.gob.pa\/crisolfm\/?p=21920"},"modified":"2019-08-30T15:19:30","modified_gmt":"2019-08-30T15:19:30","slug":"amazonas-y-africa-ante-el-drama-de-la-compleja-recuperacion-de-sus-suelos-quemados","status":"publish","type":"post","link":"https:\/\/sertv.gob.pa\/crisolfm\/amazonas-y-africa-ante-el-drama-de-la-compleja-recuperacion-de-sus-suelos-quemados\/","title":{"rendered":"Amazonas y \u00c1frica ante el drama de la compleja recuperaci\u00f3n de sus suelos quemados"},"content":{"rendered":"<p>La restauraci\u00f3n del suelo erosionado por incendios en las zonas tropicales de Suram\u00e9rica y el \u00c1frica central o h\u00fameda<strong> es m\u00e1s dif\u00edcil que en otras latitudes como Espa\u00f1a o Europa,<\/strong> por lo que las estrategias para afrontarla deben ser distintas, seg\u00fan ha se\u00f1alado a Europa Press el decano del Colegio de Ingenieros de Montes, Eduardo Rojas.<\/p>\n<p>Con motivo de los incendios que afectan desde hace semanas tanto al Amazonas como a la zona del \u00c1frica Central, las zonas bajas de Am\u00e9rica y \u00c1frica, Rojas ha precisado que sus suelos son m\u00e1s antiguos y pobres por lo que advierte de que si se erosionan \u00abno se pueden recuperar bien\u00bb porque <strong>tienen una mayor p\u00e9rdida de nutrientes<\/strong> y, en todo caso \u00ablograrlo es mucho m\u00e1s dif\u00edcil y costoso\u00bb.<\/p>\n<p>Por ello, considera que las estrategias y planes de recuperaci\u00f3n del suelo en ambos territorios deben ser diferentes. \u00abHay que diagnosticar lo que ha habido tras los fuegos, si se ha producido un cambio de uso o no en el Amazonas, mientras que en \u00c1frica, se trata m\u00e1s de una cuesti\u00f3n de tenencia y propiedad de la tierra as\u00ed como de los derechos hist\u00f3ricos de los pueblos.<\/p>\n<p>ECOticias<\/p>\n","protected":false},"excerpt":{"rendered":"<p>La restauraci\u00f3n del suelo erosionado por incendios en las zonas <a href=\"https:\/\/sertv.gob.pa\/crisolfm\/amazonas-y-africa-ante-el-drama-de-la-compleja-recuperacion-de-sus-suelos-quemados\/\"> [&#8230;]<\/a><\/p>\n","protected":false},"author":64,"featured_media":21921,"comment_status":"closed","ping_status":"closed","sticky":false,"template":"","format":"standard","meta":{"footnotes":""},"categories":[7],"tags":[],"class_list":["post-21920","post","type-post","status-publish","format-standard","has-post-thumbnail","hentry","category-ecologicas"],"_links":{"self":[{"href":"https:\/\/sertv.gob.pa\/crisolfm\/wp-json\/wp\/v2\/posts\/21920","targetHints":{"allow":["GET"]}}],"collection":[{"href":"https:\/\/sertv.gob.pa\/crisolfm\/wp-json\/wp\/v2\/posts"}],"about":[{"href":"https:\/\/sertv.gob.pa\/crisolfm\/wp-json\/wp\/v2\/types\/post"}],"author":[{"embeddable":true,"href":"https:\/\/sertv.gob.pa\/crisolfm\/wp-json\/wp\/v2\/users\/64"}],"replies":[{"embeddable":true,"href":"https:\/\/sertv.gob.pa\/crisolfm\/wp-json\/wp\/v2\/comments?post=21920"}],"version-history":[{"count":1,"href":"https:\/\/sertv.gob.pa\/crisolfm\/wp-json\/wp\/v2\/posts\/21920\/revisions"}],"predecessor-version":[{"id":21922,"href":"https:\/\/sertv.gob.pa\/crisolfm\/wp-json\/wp\/v2\/posts\/21920\/revisions\/21922"}],"wp:featuredmedia":[{"embeddable":true,"href":"https:\/\/sertv.gob.pa\/crisolfm\/wp-json\/wp\/v2\/media\/21921"}],"wp:attachment":[{"href":"https:\/\/sertv.gob.pa\/crisolfm\/wp-json\/wp\/v2\/media?parent=21920"}],"wp:term":[{"taxonomy":"category","embeddable":true,"href":"https:\/\/sertv.gob.pa\/crisolfm\/wp-json\/wp\/v2\/categories?post=21920"},{"taxonomy":"post_tag","embeddable":true,"href":"https:\/\/sertv.gob.pa\/crisolfm\/wp-json\/wp\/v2\/tags?post=21920"}],"curies":[{"name":"wp","href":"https:\/\/api.w.org\/{rel}","templated":true}]}}