{"id":21923,"date":"2019-08-30T15:24:38","date_gmt":"2019-08-30T15:24:38","guid":{"rendered":"https:\/\/sertv.gob.pa\/crisolfm\/?p=21923"},"modified":"2019-08-30T15:24:38","modified_gmt":"2019-08-30T15:24:38","slug":"huelga-mundial-por-el-clima-el-proximo-27-de-septiembre-te-unes","status":"publish","type":"post","link":"https:\/\/sertv.gob.pa\/crisolfm\/huelga-mundial-por-el-clima-el-proximo-27-de-septiembre-te-unes\/","title":{"rendered":"Huelga Mundial por el Clima el pr\u00f3ximo 27 de septiembre, \u00bfte unes?"},"content":{"rendered":"<p>La<strong>\u00a0Huelga Mundial por el Clima<\/strong>\u00a0tiene como prop\u00f3sito\u00a0declarar la emergencia clim\u00e1tica\u00a0de manera inmediata y concretar las medidas necesarias para reducir r\u00e1pidamente las emisiones de gases de efecto invernadero, y evitar que la temperatura global se eleve por encima de 1,5\u00a0oC a finales de siglo.<\/p>\n<p>Los recientes\u00a0informes del IPCC\u00a0(Grupo Intergubernamental de Expertos sobre el Cambio Clim\u00e1tico) y\u00a0del IPBES\u00a0(Plataforma Intergubernamental de Biodiversidad y Servicios Ecosist\u00e9micos) han alzado la voz de alarma entre los ciudadanos. El aumento de las temperaturas y el gran deterioro de los ecosistemas, tanto terrestres como marinos, est\u00e1 llevando al borde de la extinci\u00f3n a un mill\u00f3n de especies. Nos encontramos en\u00a0un <strong>punto de no retorno\u00a0frente a la crisis clim\u00e1tica<\/strong>. Los datos cient\u00edficos son contundentes y nos muestran c\u00f3mo no todas las zonas son afectadas de la misma forma.<\/p>\n<p>En Espa\u00f1a, el \u00e1rea mediterr\u00e1nea es de las m\u00e1s vulnerables. Si no logramos paralizar el aumento de la temperatura global, las futuras generaciones deber\u00e1n enfrentarse a consecuencias mucho m\u00e1s graves a las que vivimos actualmente. En Espa\u00f1a ya se est\u00e1n convocando todo tipo de acciones para la<strong> semana del 20 al 27 de septiembre<\/strong> que culminar\u00e1n con\u00a0la gran movilizaci\u00f3n global del 27 de septiembre.<\/p>\n<p>ECOticias<\/p>\n","protected":false},"excerpt":{"rendered":"<p>La\u00a0Huelga Mundial por el Clima\u00a0tiene como prop\u00f3sito\u00a0declarar la emergencia clim\u00e1tica\u00a0de <a href=\"https:\/\/sertv.gob.pa\/crisolfm\/huelga-mundial-por-el-clima-el-proximo-27-de-septiembre-te-unes\/\"> [&#8230;]<\/a><\/p>\n","protected":false},"author":64,"featured_media":21924,"comment_status":"closed","ping_status":"closed","sticky":false,"template":"","format":"standard","meta":{"footnotes":""},"categories":[7],"tags":[],"class_list":["post-21923","post","type-post","status-publish","format-standard","has-post-thumbnail","hentry","category-ecologicas"],"_links":{"self":[{"href":"https:\/\/sertv.gob.pa\/crisolfm\/wp-json\/wp\/v2\/posts\/21923","targetHints":{"allow":["GET"]}}],"collection":[{"href":"https:\/\/sertv.gob.pa\/crisolfm\/wp-json\/wp\/v2\/posts"}],"about":[{"href":"https:\/\/sertv.gob.pa\/crisolfm\/wp-json\/wp\/v2\/types\/post"}],"author":[{"embeddable":true,"href":"https:\/\/sertv.gob.pa\/crisolfm\/wp-json\/wp\/v2\/users\/64"}],"replies":[{"embeddable":true,"href":"https:\/\/sertv.gob.pa\/crisolfm\/wp-json\/wp\/v2\/comments?post=21923"}],"version-history":[{"count":1,"href":"https:\/\/sertv.gob.pa\/crisolfm\/wp-json\/wp\/v2\/posts\/21923\/revisions"}],"predecessor-version":[{"id":21925,"href":"https:\/\/sertv.gob.pa\/crisolfm\/wp-json\/wp\/v2\/posts\/21923\/revisions\/21925"}],"wp:featuredmedia":[{"embeddable":true,"href":"https:\/\/sertv.gob.pa\/crisolfm\/wp-json\/wp\/v2\/media\/21924"}],"wp:attachment":[{"href":"https:\/\/sertv.gob.pa\/crisolfm\/wp-json\/wp\/v2\/media?parent=21923"}],"wp:term":[{"taxonomy":"category","embeddable":true,"href":"https:\/\/sertv.gob.pa\/crisolfm\/wp-json\/wp\/v2\/categories?post=21923"},{"taxonomy":"post_tag","embeddable":true,"href":"https:\/\/sertv.gob.pa\/crisolfm\/wp-json\/wp\/v2\/tags?post=21923"}],"curies":[{"name":"wp","href":"https:\/\/api.w.org\/{rel}","templated":true}]}}