{"id":21935,"date":"2019-09-02T13:20:13","date_gmt":"2019-09-02T13:20:13","guid":{"rendered":"https:\/\/sertv.gob.pa\/crisolfm\/?p=21935"},"modified":"2019-09-02T13:20:13","modified_gmt":"2019-09-02T13:20:13","slug":"catastrofico-huracan-dorian-golpea-las-bahamas","status":"publish","type":"post","link":"https:\/\/sertv.gob.pa\/crisolfm\/catastrofico-huracan-dorian-golpea-las-bahamas\/","title":{"rendered":"&#8216;Catastr\u00f3fico&#8217;, hurac\u00e1n Dorian golpea las Bahamas"},"content":{"rendered":"<p>El poderoso hurac\u00e1n Dorian azot\u00f3 el norte de las Bahamas el domingo con lluvias torrenciales y vientos cercanos a los 300 km\/h, un hurac\u00e1n de una potencia sin precedentes en la historia de este archipi\u00e9lago ubicado entre Florida, Cuba y Hait\u00ed.\u00a0 El hurac\u00e1n de categor\u00eda 5, calificado de \u00abcatastr\u00f3fico\u00bb por el estadounidense Centro Nacional de Huracanes (NHC), toc\u00f3 tierra al mediod\u00eda en el cayo Elbow de las islas \u00c1baco, en el noroeste de las Bahamas, un archipi\u00e9lago formado por 700 islas, islotes y cayos.<\/p>\n<p>El primer ministro de Bahamas, Hubert Minnis, afirm\u00f3 este domingo 1 de septiembre que su pa\u00eds se enfrenta, con la llegada de Dorian, a un hurac\u00e1n \u201cnunca visto\u201d en la historia del archipi\u00e9lago. \u201cNos enfrentamos a un hurac\u00e1n (&#8230;) como no hab\u00edamos visto nunca en la historia de las Bahamas\u201d, dijo en una conferencia de prensa, en la que rompi\u00f3 a llorar. \u201cProbablemente sea el d\u00eda m\u00e1s triste de mi vida\u201d, a\u00f1adi\u00f3, citado por el diario Nassau Guardian.<\/p>\n<p>&nbsp;<\/p>\n<p>&nbsp;<\/p>\n<p>&nbsp;<\/p>\n","protected":false},"excerpt":{"rendered":"<p>El poderoso hurac\u00e1n Dorian azot\u00f3 el norte de las Bahamas <a href=\"https:\/\/sertv.gob.pa\/crisolfm\/catastrofico-huracan-dorian-golpea-las-bahamas\/\"> [&#8230;]<\/a><\/p>\n","protected":false},"author":64,"featured_media":21936,"comment_status":"closed","ping_status":"closed","sticky":false,"template":"","format":"standard","meta":{"footnotes":""},"categories":[7],"tags":[],"class_list":["post-21935","post","type-post","status-publish","format-standard","has-post-thumbnail","hentry","category-ecologicas"],"_links":{"self":[{"href":"https:\/\/sertv.gob.pa\/crisolfm\/wp-json\/wp\/v2\/posts\/21935","targetHints":{"allow":["GET"]}}],"collection":[{"href":"https:\/\/sertv.gob.pa\/crisolfm\/wp-json\/wp\/v2\/posts"}],"about":[{"href":"https:\/\/sertv.gob.pa\/crisolfm\/wp-json\/wp\/v2\/types\/post"}],"author":[{"embeddable":true,"href":"https:\/\/sertv.gob.pa\/crisolfm\/wp-json\/wp\/v2\/users\/64"}],"replies":[{"embeddable":true,"href":"https:\/\/sertv.gob.pa\/crisolfm\/wp-json\/wp\/v2\/comments?post=21935"}],"version-history":[{"count":1,"href":"https:\/\/sertv.gob.pa\/crisolfm\/wp-json\/wp\/v2\/posts\/21935\/revisions"}],"predecessor-version":[{"id":21937,"href":"https:\/\/sertv.gob.pa\/crisolfm\/wp-json\/wp\/v2\/posts\/21935\/revisions\/21937"}],"wp:featuredmedia":[{"embeddable":true,"href":"https:\/\/sertv.gob.pa\/crisolfm\/wp-json\/wp\/v2\/media\/21936"}],"wp:attachment":[{"href":"https:\/\/sertv.gob.pa\/crisolfm\/wp-json\/wp\/v2\/media?parent=21935"}],"wp:term":[{"taxonomy":"category","embeddable":true,"href":"https:\/\/sertv.gob.pa\/crisolfm\/wp-json\/wp\/v2\/categories?post=21935"},{"taxonomy":"post_tag","embeddable":true,"href":"https:\/\/sertv.gob.pa\/crisolfm\/wp-json\/wp\/v2\/tags?post=21935"}],"curies":[{"name":"wp","href":"https:\/\/api.w.org\/{rel}","templated":true}]}}