{"id":21969,"date":"2019-09-02T16:13:07","date_gmt":"2019-09-02T16:13:07","guid":{"rendered":"https:\/\/sertv.gob.pa\/crisolfm\/?p=21969"},"modified":"2019-09-02T16:13:07","modified_gmt":"2019-09-02T16:13:07","slug":"volvo-buses-trabaja-duro-para-la-electrificacion-del-transporte-publico","status":"publish","type":"post","link":"https:\/\/sertv.gob.pa\/crisolfm\/volvo-buses-trabaja-duro-para-la-electrificacion-del-transporte-publico\/","title":{"rendered":"Volvo Buses trabaja &#8216;duro&#8217; para la electrificaci\u00f3n del transporte p\u00fablico"},"content":{"rendered":"<p>El n\u00famero de flotas de\u00a0<a href=\"https:\/\/laciudadquiere.es\/\" target=\"_blank\" rel=\"noopener\">autobuses h\u00edbridos<\/a>\u00a0se est\u00e1 incrementando de manera significativa en casi todas las ciudades espa\u00f1olas en los \u00faltimos a\u00f1os. Esto se debe a que constituyen una soluci\u00f3n efectiva para la eliminaci\u00f3n paulatina de los combustibles f\u00f3siles. Este aumento progresivo lleva consigo una serie de retos que hay que abordar y tener en cuenta en el largo plazo.<\/p>\n<p>Algunos cr\u00edticos plantean que cuando la compra e implementaci\u00f3n de este tipo de transporte <strong>se normalice por completo<\/strong> pueden aparecer problemas relacionados con el abastecimiento el\u00e9ctrico y aumentos en los precios de la electricidad. Por eso\u00a0<a href=\"https:\/\/www.volvobuses.es\/es-es\/our-offering\/electromobility.html\" target=\"_blank\" rel=\"noopener\">los puntos de recarga y el uso eficiente de la energ\u00eda<\/a>\u00a0jugar\u00e1n un papel fundamental.<\/p>\n<p><a href=\"https:\/\/www.volvobuses.es\/es-es\/our-offering\/buses\/volvo-7900-hybrid.html\" target=\"_blank\" rel=\"noopener\">Pero Volvo est\u00e1 preparado<\/a>\u00a0para afrontar estos y muchos m\u00e1s retos, ya que presenta un autob\u00fas cuya conducci\u00f3n el\u00e9ctrica es mucho m\u00e1s eficiente y en donde se recupera constantemente energ\u00eda al frenar y bajar pendientes. A nivel global, el sector del autob\u00fas est\u00e1 centrando la mayor parte de los esfuerzos en estandarizar en el menor tiempo posible los <strong>sistemas de recarga <\/strong>para que cualquier veh\u00edculo, sea de la marca que sea, pueda recargar en cualquier ciudad. Los pr\u00f3ximos diez a\u00f1os ser\u00e1n decisivos para la electrificaci\u00f3n del transporte p\u00fablico.<\/p>\n<p>ECOticias<\/p>\n","protected":false},"excerpt":{"rendered":"<p>El n\u00famero de flotas de\u00a0autobuses h\u00edbridos\u00a0se est\u00e1 incrementando de manera <a href=\"https:\/\/sertv.gob.pa\/crisolfm\/volvo-buses-trabaja-duro-para-la-electrificacion-del-transporte-publico\/\"> [&#8230;]<\/a><\/p>\n","protected":false},"author":64,"featured_media":21970,"comment_status":"closed","ping_status":"closed","sticky":false,"template":"","format":"standard","meta":{"footnotes":""},"categories":[7],"tags":[],"class_list":["post-21969","post","type-post","status-publish","format-standard","has-post-thumbnail","hentry","category-ecologicas"],"_links":{"self":[{"href":"https:\/\/sertv.gob.pa\/crisolfm\/wp-json\/wp\/v2\/posts\/21969","targetHints":{"allow":["GET"]}}],"collection":[{"href":"https:\/\/sertv.gob.pa\/crisolfm\/wp-json\/wp\/v2\/posts"}],"about":[{"href":"https:\/\/sertv.gob.pa\/crisolfm\/wp-json\/wp\/v2\/types\/post"}],"author":[{"embeddable":true,"href":"https:\/\/sertv.gob.pa\/crisolfm\/wp-json\/wp\/v2\/users\/64"}],"replies":[{"embeddable":true,"href":"https:\/\/sertv.gob.pa\/crisolfm\/wp-json\/wp\/v2\/comments?post=21969"}],"version-history":[{"count":1,"href":"https:\/\/sertv.gob.pa\/crisolfm\/wp-json\/wp\/v2\/posts\/21969\/revisions"}],"predecessor-version":[{"id":21971,"href":"https:\/\/sertv.gob.pa\/crisolfm\/wp-json\/wp\/v2\/posts\/21969\/revisions\/21971"}],"wp:featuredmedia":[{"embeddable":true,"href":"https:\/\/sertv.gob.pa\/crisolfm\/wp-json\/wp\/v2\/media\/21970"}],"wp:attachment":[{"href":"https:\/\/sertv.gob.pa\/crisolfm\/wp-json\/wp\/v2\/media?parent=21969"}],"wp:term":[{"taxonomy":"category","embeddable":true,"href":"https:\/\/sertv.gob.pa\/crisolfm\/wp-json\/wp\/v2\/categories?post=21969"},{"taxonomy":"post_tag","embeddable":true,"href":"https:\/\/sertv.gob.pa\/crisolfm\/wp-json\/wp\/v2\/tags?post=21969"}],"curies":[{"name":"wp","href":"https:\/\/api.w.org\/{rel}","templated":true}]}}