{"id":21973,"date":"2019-09-02T18:20:17","date_gmt":"2019-09-02T18:20:17","guid":{"rendered":"https:\/\/sertv.gob.pa\/crisolfm\/?p=21973"},"modified":"2019-09-02T18:20:17","modified_gmt":"2019-09-02T18:20:17","slug":"huracan-dorian-provoca-evacuaciones-masivas-en-costas-estadounidenses","status":"publish","type":"post","link":"https:\/\/sertv.gob.pa\/crisolfm\/huracan-dorian-provoca-evacuaciones-masivas-en-costas-estadounidenses\/","title":{"rendered":"Hurac\u00e1n Dorian provoca evacuaciones masivas en costas estadounidenses"},"content":{"rendered":"<p>El poderoso hurac\u00e1n Dorian se detuvo casi por completo en las Bahamas este lunes 2 de septiembre, prolongando la agon\u00eda mientras las crecientes aguas del mar y los fuertes vientos arrasaban las comunidades de las islas ubicadas a poca altitud y provocaban evacuaciones masivas a lo largo de la costa de Estados Unidos. El hurac\u00e1n se debilit\u00f3 ligeramente hoy lunes y pas\u00f3 a categor\u00eda 4, pero seg\u00fan informaron las autoridades meteorol\u00f3gicas de Estados Unidos, contin\u00faa representando una seria amenaza.<\/p>\n<p>El primer ministro de Bahamas, Hubert Minnis, asegur\u00f3 que el hurac\u00e1n provoc\u00f3 una \u201cdevastaci\u00f3n sin precedentes\u201d en las islas \u00c1baco, que el domingo recibi\u00f3 la peor parte de Dorian cuando toc\u00f3 tierra como la tormenta m\u00e1s poderosa que jam\u00e1s haya golpeado el archipi\u00e9lago. \u201cNuestro enfoque en este momento es el rescate, la recuperaci\u00f3n y la oraci\u00f3n\u201d, dijo Minnis en Twitter.<\/p>\n<p>Seg\u00fan una estimaci\u00f3n inicial de la Cruz Roja, unas 13 mil casas podr\u00edan haber sido da\u00f1adas o destruidas por el paso de Dorian en Bahamas.<\/p>\n<p>&nbsp;<\/p>\n<p>AFP<\/p>\n","protected":false},"excerpt":{"rendered":"<p>El poderoso hurac\u00e1n Dorian se detuvo casi por completo en <a href=\"https:\/\/sertv.gob.pa\/crisolfm\/huracan-dorian-provoca-evacuaciones-masivas-en-costas-estadounidenses\/\"> [&#8230;]<\/a><\/p>\n","protected":false},"author":64,"featured_media":21974,"comment_status":"closed","ping_status":"closed","sticky":false,"template":"","format":"standard","meta":{"footnotes":""},"categories":[7],"tags":[],"class_list":["post-21973","post","type-post","status-publish","format-standard","has-post-thumbnail","hentry","category-ecologicas"],"_links":{"self":[{"href":"https:\/\/sertv.gob.pa\/crisolfm\/wp-json\/wp\/v2\/posts\/21973","targetHints":{"allow":["GET"]}}],"collection":[{"href":"https:\/\/sertv.gob.pa\/crisolfm\/wp-json\/wp\/v2\/posts"}],"about":[{"href":"https:\/\/sertv.gob.pa\/crisolfm\/wp-json\/wp\/v2\/types\/post"}],"author":[{"embeddable":true,"href":"https:\/\/sertv.gob.pa\/crisolfm\/wp-json\/wp\/v2\/users\/64"}],"replies":[{"embeddable":true,"href":"https:\/\/sertv.gob.pa\/crisolfm\/wp-json\/wp\/v2\/comments?post=21973"}],"version-history":[{"count":1,"href":"https:\/\/sertv.gob.pa\/crisolfm\/wp-json\/wp\/v2\/posts\/21973\/revisions"}],"predecessor-version":[{"id":21975,"href":"https:\/\/sertv.gob.pa\/crisolfm\/wp-json\/wp\/v2\/posts\/21973\/revisions\/21975"}],"wp:featuredmedia":[{"embeddable":true,"href":"https:\/\/sertv.gob.pa\/crisolfm\/wp-json\/wp\/v2\/media\/21974"}],"wp:attachment":[{"href":"https:\/\/sertv.gob.pa\/crisolfm\/wp-json\/wp\/v2\/media?parent=21973"}],"wp:term":[{"taxonomy":"category","embeddable":true,"href":"https:\/\/sertv.gob.pa\/crisolfm\/wp-json\/wp\/v2\/categories?post=21973"},{"taxonomy":"post_tag","embeddable":true,"href":"https:\/\/sertv.gob.pa\/crisolfm\/wp-json\/wp\/v2\/tags?post=21973"}],"curies":[{"name":"wp","href":"https:\/\/api.w.org\/{rel}","templated":true}]}}