{"id":21979,"date":"2019-09-03T13:18:16","date_gmt":"2019-09-03T13:18:16","guid":{"rendered":"https:\/\/sertv.gob.pa\/crisolfm\/?p=21979"},"modified":"2019-09-03T13:18:16","modified_gmt":"2019-09-03T13:18:16","slug":"dorian-deja-5-muertos-en-bahamas-y-eu-evacua-la-costa","status":"publish","type":"post","link":"https:\/\/sertv.gob.pa\/crisolfm\/dorian-deja-5-muertos-en-bahamas-y-eu-evacua-la-costa\/","title":{"rendered":"Dorian deja 5 muertos en Bahamas y EU evac\u00faa la costa"},"content":{"rendered":"<p>El poderoso hurac\u00e1n Dorian pr\u00e1cticamente se detuvo sobre las Bahamas el lunes, prolongando la agon\u00eda mientras las crecientes aguas y los fuertes vientos arrasaban las comunidades de las islas, donde se cobr\u00f3 al menos cinco muertos, en tanto provocaba evacuaciones masivas en la costa este de Estados Unidos.<\/p>\n<p>El hurac\u00e1n se debilit\u00f3 ligeramente el lunes y pas\u00f3 a categor\u00eda 4, pero seg\u00fan informaron las autoridades meteorol\u00f3gicas de Estados Unidos, contin\u00faa representando una seria amenaza, se\u00f1al\u00f3 el Centro Nacional de Huracanes (NHC), con sede en Miami.<\/p>\n<p>En una conferencia de prensa en la Agencia Nacional de Gesti\u00f3n de Emergencias en New Providence, el primer ministro de Bahamas, Hubert Minnis, confirm\u00f3 al menos cinco muertos y al menos una veintena de heridos y describi\u00f3 a Dorian como una \u00abtragedia hist\u00f3rica\u00bb para el archipi\u00e9lago.<\/p>\n<p>&nbsp;<\/p>\n<p>AFP<\/p>\n","protected":false},"excerpt":{"rendered":"<p>El poderoso hurac\u00e1n Dorian pr\u00e1cticamente se detuvo sobre las Bahamas <a href=\"https:\/\/sertv.gob.pa\/crisolfm\/dorian-deja-5-muertos-en-bahamas-y-eu-evacua-la-costa\/\"> [&#8230;]<\/a><\/p>\n","protected":false},"author":64,"featured_media":21980,"comment_status":"closed","ping_status":"closed","sticky":false,"template":"","format":"standard","meta":{"footnotes":""},"categories":[7],"tags":[],"class_list":["post-21979","post","type-post","status-publish","format-standard","has-post-thumbnail","hentry","category-ecologicas"],"_links":{"self":[{"href":"https:\/\/sertv.gob.pa\/crisolfm\/wp-json\/wp\/v2\/posts\/21979","targetHints":{"allow":["GET"]}}],"collection":[{"href":"https:\/\/sertv.gob.pa\/crisolfm\/wp-json\/wp\/v2\/posts"}],"about":[{"href":"https:\/\/sertv.gob.pa\/crisolfm\/wp-json\/wp\/v2\/types\/post"}],"author":[{"embeddable":true,"href":"https:\/\/sertv.gob.pa\/crisolfm\/wp-json\/wp\/v2\/users\/64"}],"replies":[{"embeddable":true,"href":"https:\/\/sertv.gob.pa\/crisolfm\/wp-json\/wp\/v2\/comments?post=21979"}],"version-history":[{"count":1,"href":"https:\/\/sertv.gob.pa\/crisolfm\/wp-json\/wp\/v2\/posts\/21979\/revisions"}],"predecessor-version":[{"id":21981,"href":"https:\/\/sertv.gob.pa\/crisolfm\/wp-json\/wp\/v2\/posts\/21979\/revisions\/21981"}],"wp:featuredmedia":[{"embeddable":true,"href":"https:\/\/sertv.gob.pa\/crisolfm\/wp-json\/wp\/v2\/media\/21980"}],"wp:attachment":[{"href":"https:\/\/sertv.gob.pa\/crisolfm\/wp-json\/wp\/v2\/media?parent=21979"}],"wp:term":[{"taxonomy":"category","embeddable":true,"href":"https:\/\/sertv.gob.pa\/crisolfm\/wp-json\/wp\/v2\/categories?post=21979"},{"taxonomy":"post_tag","embeddable":true,"href":"https:\/\/sertv.gob.pa\/crisolfm\/wp-json\/wp\/v2\/tags?post=21979"}],"curies":[{"name":"wp","href":"https:\/\/api.w.org\/{rel}","templated":true}]}}