{"id":21982,"date":"2019-09-03T13:27:19","date_gmt":"2019-09-03T13:27:19","guid":{"rendered":"https:\/\/sertv.gob.pa\/crisolfm\/?p=21982"},"modified":"2019-09-03T13:27:19","modified_gmt":"2019-09-03T13:27:19","slug":"la-casa-de-las-flores-estrenara-segunda-temporada-sin-su-protagonista","status":"publish","type":"post","link":"https:\/\/sertv.gob.pa\/crisolfm\/la-casa-de-las-flores-estrenara-segunda-temporada-sin-su-protagonista\/","title":{"rendered":"\u201cLa casa de las flores\u201d estrenar\u00e1 segunda temporada sin su protagonista"},"content":{"rendered":"<p>La popular serie mexicana \u201cLa casa de las flores\u201d llegar\u00e1 a su segunda temporada en Netflix con una reestructuraci\u00f3n de los personajes y la trama, tras la salida de su protagonista, la actriz Ver\u00f3nica Castro. Virginia de la Mora, el personaje principal a quien Castro encarnaba, muere en la historia, pero el director Manolo Caro dice que conf\u00eda en que su ausencia dar\u00e1 un vuelco positivo a la serie, que estar\u00e1 disponible en el servicio de streaming el 18 de octubre pr\u00f3ximo.<\/p>\n<p>\u201cNo fue tan grave como parece porque lo hab\u00edamos pactado as\u00ed desde un principio. Obviamente despu\u00e9s intentamos que siguiera el personaje, pero no llegamos a un acuerdo creativo en el que ambas partes nos sinti\u00e9ramos c\u00f3modos\u201d, dijo Caro en un encuentro con medios. El joven realizador se\u00f1al\u00f3 que desde que concibi\u00f3 la trama, el personaje de Virginia, la matriarca de la familia De La Mora y due\u00f1a de una florer\u00eda exitosa e id\u00edlica, pero llena de secretos, ten\u00eda su final en la primera temporada. \u201cNo es tan ca\u00f3tico. La forma de reestructurarse de esta familia, despu\u00e9s de un duelo, es muy din\u00e1mica\u201d, explic\u00f3 Caro.<\/p>\n<p>Algo que ha hecho a La casa de las flores tan popular no solo en M\u00e9xico sino en pa\u00edses como Reino Unido y Alemania es su reivindicaci\u00f3n del g\u00e9nero del melodrama a trav\u00e9s del humor negro, la inclusi\u00f3n de tem\u00e1ticas LGBT y el empoderamiento femenino.<\/p>\n<p>AFP<\/p>\n<p>&nbsp;<\/p>\n","protected":false},"excerpt":{"rendered":"<p>La popular serie mexicana \u201cLa casa de las flores\u201d llegar\u00e1 <a href=\"https:\/\/sertv.gob.pa\/crisolfm\/la-casa-de-las-flores-estrenara-segunda-temporada-sin-su-protagonista\/\"> [&#8230;]<\/a><\/p>\n","protected":false},"author":64,"featured_media":21983,"comment_status":"closed","ping_status":"closed","sticky":false,"template":"","format":"standard","meta":{"footnotes":""},"categories":[6],"tags":[],"class_list":["post-21982","post","type-post","status-publish","format-standard","has-post-thumbnail","hentry","category-culturales"],"_links":{"self":[{"href":"https:\/\/sertv.gob.pa\/crisolfm\/wp-json\/wp\/v2\/posts\/21982","targetHints":{"allow":["GET"]}}],"collection":[{"href":"https:\/\/sertv.gob.pa\/crisolfm\/wp-json\/wp\/v2\/posts"}],"about":[{"href":"https:\/\/sertv.gob.pa\/crisolfm\/wp-json\/wp\/v2\/types\/post"}],"author":[{"embeddable":true,"href":"https:\/\/sertv.gob.pa\/crisolfm\/wp-json\/wp\/v2\/users\/64"}],"replies":[{"embeddable":true,"href":"https:\/\/sertv.gob.pa\/crisolfm\/wp-json\/wp\/v2\/comments?post=21982"}],"version-history":[{"count":1,"href":"https:\/\/sertv.gob.pa\/crisolfm\/wp-json\/wp\/v2\/posts\/21982\/revisions"}],"predecessor-version":[{"id":21984,"href":"https:\/\/sertv.gob.pa\/crisolfm\/wp-json\/wp\/v2\/posts\/21982\/revisions\/21984"}],"wp:featuredmedia":[{"embeddable":true,"href":"https:\/\/sertv.gob.pa\/crisolfm\/wp-json\/wp\/v2\/media\/21983"}],"wp:attachment":[{"href":"https:\/\/sertv.gob.pa\/crisolfm\/wp-json\/wp\/v2\/media?parent=21982"}],"wp:term":[{"taxonomy":"category","embeddable":true,"href":"https:\/\/sertv.gob.pa\/crisolfm\/wp-json\/wp\/v2\/categories?post=21982"},{"taxonomy":"post_tag","embeddable":true,"href":"https:\/\/sertv.gob.pa\/crisolfm\/wp-json\/wp\/v2\/tags?post=21982"}],"curies":[{"name":"wp","href":"https:\/\/api.w.org\/{rel}","templated":true}]}}