{"id":21985,"date":"2019-09-03T13:34:57","date_gmt":"2019-09-03T13:34:57","guid":{"rendered":"https:\/\/sertv.gob.pa\/crisolfm\/?p=21985"},"modified":"2019-09-03T13:34:57","modified_gmt":"2019-09-03T13:34:57","slug":"chabuca-granda-compositora-de-la-flor-de-la-canela-es-condecorada","status":"publish","type":"post","link":"https:\/\/sertv.gob.pa\/crisolfm\/chabuca-granda-compositora-de-la-flor-de-la-canela-es-condecorada\/","title":{"rendered":"Chabuca Granda, compositora de &#8216;La flor de la canela\u201d, es condecorada"},"content":{"rendered":"<p>Per\u00fa condecor\u00f3 p\u00f3stumamente este lunes a la cantante Chabuca Granda, compositora del famoso vals La flor de la canela y un \u00edcono de la m\u00fasica popular de su pa\u00eds, con motivo del centenario de su nacimiento, inform\u00f3 el ministerio de Cultura.<\/p>\n<p>\u00abEl Estado peruano ha reconocido la obra de Chabuca Granda entreg\u00e1ndole la Orden del Sol, en su mayor denominaci\u00f3n posible, la Gran Cruz\u00bb, dijo a la prensa el ministro de Cultura, Luis Jaime Castillo, sobre la cantautora fallecida en 1983.<\/p>\n<p>\u00abEs algo in\u00e9dito, porque ning\u00fan artista peruano ha recibido esa condecoraci\u00f3n. Lo hacemos a trav\u00e9s de su hija, es un reconocimiento significativo\u00bb, agreg\u00f3 el ministro tras dar la distinci\u00f3n a Teresa Fuller Granda. El reconocimiento a Mar\u00eda Isabel \u00abChabuca\u00bb Granda inicia una serie de actividades por el centenario del nacimiento de la compositora, que se conmemorar\u00e1 el 3 de setiembre de 2020. La canci\u00f3n \u00abLa Flor de la Canela\u00bb devino con el tiempo en un himno para la ciudad de Lima, desde que se interpret\u00f3 por primera vez en 1952.<\/p>\n<p>AFP<\/p>\n","protected":false},"excerpt":{"rendered":"<p>Per\u00fa condecor\u00f3 p\u00f3stumamente este lunes a la cantante Chabuca Granda, <a href=\"https:\/\/sertv.gob.pa\/crisolfm\/chabuca-granda-compositora-de-la-flor-de-la-canela-es-condecorada\/\"> [&#8230;]<\/a><\/p>\n","protected":false},"author":64,"featured_media":21986,"comment_status":"closed","ping_status":"closed","sticky":false,"template":"","format":"standard","meta":{"footnotes":""},"categories":[6],"tags":[],"class_list":["post-21985","post","type-post","status-publish","format-standard","has-post-thumbnail","hentry","category-culturales"],"_links":{"self":[{"href":"https:\/\/sertv.gob.pa\/crisolfm\/wp-json\/wp\/v2\/posts\/21985","targetHints":{"allow":["GET"]}}],"collection":[{"href":"https:\/\/sertv.gob.pa\/crisolfm\/wp-json\/wp\/v2\/posts"}],"about":[{"href":"https:\/\/sertv.gob.pa\/crisolfm\/wp-json\/wp\/v2\/types\/post"}],"author":[{"embeddable":true,"href":"https:\/\/sertv.gob.pa\/crisolfm\/wp-json\/wp\/v2\/users\/64"}],"replies":[{"embeddable":true,"href":"https:\/\/sertv.gob.pa\/crisolfm\/wp-json\/wp\/v2\/comments?post=21985"}],"version-history":[{"count":1,"href":"https:\/\/sertv.gob.pa\/crisolfm\/wp-json\/wp\/v2\/posts\/21985\/revisions"}],"predecessor-version":[{"id":21987,"href":"https:\/\/sertv.gob.pa\/crisolfm\/wp-json\/wp\/v2\/posts\/21985\/revisions\/21987"}],"wp:featuredmedia":[{"embeddable":true,"href":"https:\/\/sertv.gob.pa\/crisolfm\/wp-json\/wp\/v2\/media\/21986"}],"wp:attachment":[{"href":"https:\/\/sertv.gob.pa\/crisolfm\/wp-json\/wp\/v2\/media?parent=21985"}],"wp:term":[{"taxonomy":"category","embeddable":true,"href":"https:\/\/sertv.gob.pa\/crisolfm\/wp-json\/wp\/v2\/categories?post=21985"},{"taxonomy":"post_tag","embeddable":true,"href":"https:\/\/sertv.gob.pa\/crisolfm\/wp-json\/wp\/v2\/tags?post=21985"}],"curies":[{"name":"wp","href":"https:\/\/api.w.org\/{rel}","templated":true}]}}