{"id":21989,"date":"2019-09-03T13:50:56","date_gmt":"2019-09-03T13:50:56","guid":{"rendered":"https:\/\/sertv.gob.pa\/crisolfm\/?p=21989"},"modified":"2019-09-03T13:50:56","modified_gmt":"2019-09-03T13:50:56","slug":"la-sinfonica-nacional-presentara-el-pajaro-de-fuego","status":"publish","type":"post","link":"https:\/\/sertv.gob.pa\/crisolfm\/la-sinfonica-nacional-presentara-el-pajaro-de-fuego\/","title":{"rendered":"La Sinf\u00f3nica Nacional presentar\u00e1 \u201cEl p\u00e1jaro de fuego\u201d"},"content":{"rendered":"<p>El pr\u00f3ximo 5 de septiembre el Ministerio de Cultura presentar\u00e1 a la Orquesta Sinf\u00f3nica Nacional de Panam\u00e1 en un nuevo concierto denominado \u201cEl p\u00e1jaro de fuego\u201d, una obra del compositor y uno de los m\u00fasicos m\u00e1s importantes del siglo XX, Igor Stravinsky (1882-1971).\u00a0La agrupaci\u00f3n musical estar\u00e1 bajo la direcci\u00f3n del maestro Federico Garc\u00eda-De Castro, director art\u00edstico del ensamble Alia Musica Pittsburgh, que fue fundado en 2007 y dedicado a la interpretaci\u00f3n y presentaci\u00f3n de m\u00fasica contempor\u00e1nea.<\/p>\n<p>El director de la Escuela de M\u00fasica de la Facultad de Bellas Artes de la Universidad de Panam\u00e1, Carlos Camacho, ser\u00e1 el solista invitado.<\/p>\n<p>La presentaci\u00f3n se realizar\u00e1 en el Teatro Balboa, a las 8:00 p.m., con acceso abierto al p\u00fablico.<\/p>\n<p>&nbsp;<\/p>\n","protected":false},"excerpt":{"rendered":"<p>El pr\u00f3ximo 5 de septiembre el Ministerio de Cultura presentar\u00e1 <a href=\"https:\/\/sertv.gob.pa\/crisolfm\/la-sinfonica-nacional-presentara-el-pajaro-de-fuego\/\"> [&#8230;]<\/a><\/p>\n","protected":false},"author":64,"featured_media":21990,"comment_status":"closed","ping_status":"closed","sticky":false,"template":"","format":"standard","meta":{"footnotes":""},"categories":[6],"tags":[],"class_list":["post-21989","post","type-post","status-publish","format-standard","has-post-thumbnail","hentry","category-culturales"],"_links":{"self":[{"href":"https:\/\/sertv.gob.pa\/crisolfm\/wp-json\/wp\/v2\/posts\/21989","targetHints":{"allow":["GET"]}}],"collection":[{"href":"https:\/\/sertv.gob.pa\/crisolfm\/wp-json\/wp\/v2\/posts"}],"about":[{"href":"https:\/\/sertv.gob.pa\/crisolfm\/wp-json\/wp\/v2\/types\/post"}],"author":[{"embeddable":true,"href":"https:\/\/sertv.gob.pa\/crisolfm\/wp-json\/wp\/v2\/users\/64"}],"replies":[{"embeddable":true,"href":"https:\/\/sertv.gob.pa\/crisolfm\/wp-json\/wp\/v2\/comments?post=21989"}],"version-history":[{"count":1,"href":"https:\/\/sertv.gob.pa\/crisolfm\/wp-json\/wp\/v2\/posts\/21989\/revisions"}],"predecessor-version":[{"id":21991,"href":"https:\/\/sertv.gob.pa\/crisolfm\/wp-json\/wp\/v2\/posts\/21989\/revisions\/21991"}],"wp:featuredmedia":[{"embeddable":true,"href":"https:\/\/sertv.gob.pa\/crisolfm\/wp-json\/wp\/v2\/media\/21990"}],"wp:attachment":[{"href":"https:\/\/sertv.gob.pa\/crisolfm\/wp-json\/wp\/v2\/media?parent=21989"}],"wp:term":[{"taxonomy":"category","embeddable":true,"href":"https:\/\/sertv.gob.pa\/crisolfm\/wp-json\/wp\/v2\/categories?post=21989"},{"taxonomy":"post_tag","embeddable":true,"href":"https:\/\/sertv.gob.pa\/crisolfm\/wp-json\/wp\/v2\/tags?post=21989"}],"curies":[{"name":"wp","href":"https:\/\/api.w.org\/{rel}","templated":true}]}}