{"id":21999,"date":"2019-09-03T14:39:49","date_gmt":"2019-09-03T14:39:49","guid":{"rendered":"https:\/\/sertv.gob.pa\/crisolfm\/?p=21999"},"modified":"2019-09-03T14:39:49","modified_gmt":"2019-09-03T14:39:49","slug":"roban-un-bansky-en-el-centro-pompidou-de-paris","status":"publish","type":"post","link":"https:\/\/sertv.gob.pa\/crisolfm\/roban-un-bansky-en-el-centro-pompidou-de-paris\/","title":{"rendered":"Roban un Bansky en el Centro Pompidou de Par\u00eds"},"content":{"rendered":"<p style=\"text-align: justify\">El <a href=\"https:\/\/www.centrepompidou.fr\/es\" target=\"_blank\" rel=\"noopener noreferrer\">Centro Pompidou<\/a> de Par\u00eds ha \u00abconstatado el robo\u00bb durante la noche de una obra del famoso artista callejero <a href=\"https:\/\/www.abc.es\/hemeroteca\/banksy\" target=\"_blank\" rel=\"noopener\">Banksy <\/a>que en junio de 2018 apareci\u00f3 en la parte posterior del panel de entrada de su aparcamiento subterr\u00e1neo, seg\u00fan ha informado en un comunicado difundido en las redes sociales.<\/p>\n<p style=\"text-align: justify\">Aunque la obra no pertenece al centro cultural franc\u00e9s, el equipo del Centro Pompidou asegura que estaba \u00abmuy orgulloso\u00bb de que el artista hubiera elegido el acceso a su edificio para instalar en \u00e9l su rata con un hocico enmascarado que agita un l\u00e1piz, referencia al mayo del 68. La obra fue descubierta el 25 de junio de 2018 y al d\u00eda siguiente fue reivindicada por Banksy al d\u00eda siguiente en su cuenta de Instagram. El Centro Pompidou explica que ha denunciado este martes el robo que ha tenido lugar dentro de su espacio.<\/p>\n<p style=\"text-align: justify\">Hace apenas una semana <a href=\"https:\/\/www.abc.es\/cultura\/arte\/abci-desaparece-mural-sobre-brexit-banksy-201908261235_noticia.html\" target=\"_blank\" rel=\"noopener\">desapareci\u00f3 en la ciudad brit\u00e1nica de Dover otra obra de Banksy<\/a>, un mural sobre el Brexit que realiz\u00f3 en 2017 satirizando la salida del Reino Unido de la Uni\u00f3n Europea. La pintura fue descubierta una ma\u00f1ana con andamios por toda la fachada y repleta de pintura blanca, aunque se desconoce si ha sido eliminada o arrancada para su venta por la familia propietaria, los Godden.<\/p>\n<p style=\"text-align: justify\">ABC Cultura<\/p>\n","protected":false},"excerpt":{"rendered":"<p>El Centro Pompidou de Par\u00eds ha \u00abconstatado el robo\u00bb durante <a href=\"https:\/\/sertv.gob.pa\/crisolfm\/roban-un-bansky-en-el-centro-pompidou-de-paris\/\"> [&#8230;]<\/a><\/p>\n","protected":false},"author":64,"featured_media":22000,"comment_status":"closed","ping_status":"closed","sticky":false,"template":"","format":"standard","meta":{"footnotes":""},"categories":[6],"tags":[],"class_list":["post-21999","post","type-post","status-publish","format-standard","has-post-thumbnail","hentry","category-culturales"],"_links":{"self":[{"href":"https:\/\/sertv.gob.pa\/crisolfm\/wp-json\/wp\/v2\/posts\/21999","targetHints":{"allow":["GET"]}}],"collection":[{"href":"https:\/\/sertv.gob.pa\/crisolfm\/wp-json\/wp\/v2\/posts"}],"about":[{"href":"https:\/\/sertv.gob.pa\/crisolfm\/wp-json\/wp\/v2\/types\/post"}],"author":[{"embeddable":true,"href":"https:\/\/sertv.gob.pa\/crisolfm\/wp-json\/wp\/v2\/users\/64"}],"replies":[{"embeddable":true,"href":"https:\/\/sertv.gob.pa\/crisolfm\/wp-json\/wp\/v2\/comments?post=21999"}],"version-history":[{"count":1,"href":"https:\/\/sertv.gob.pa\/crisolfm\/wp-json\/wp\/v2\/posts\/21999\/revisions"}],"predecessor-version":[{"id":22001,"href":"https:\/\/sertv.gob.pa\/crisolfm\/wp-json\/wp\/v2\/posts\/21999\/revisions\/22001"}],"wp:featuredmedia":[{"embeddable":true,"href":"https:\/\/sertv.gob.pa\/crisolfm\/wp-json\/wp\/v2\/media\/22000"}],"wp:attachment":[{"href":"https:\/\/sertv.gob.pa\/crisolfm\/wp-json\/wp\/v2\/media?parent=21999"}],"wp:term":[{"taxonomy":"category","embeddable":true,"href":"https:\/\/sertv.gob.pa\/crisolfm\/wp-json\/wp\/v2\/categories?post=21999"},{"taxonomy":"post_tag","embeddable":true,"href":"https:\/\/sertv.gob.pa\/crisolfm\/wp-json\/wp\/v2\/tags?post=21999"}],"curies":[{"name":"wp","href":"https:\/\/api.w.org\/{rel}","templated":true}]}}