{"id":22003,"date":"2019-09-03T15:09:39","date_gmt":"2019-09-03T15:09:39","guid":{"rendered":"https:\/\/sertv.gob.pa\/crisolfm\/?p=22003"},"modified":"2019-09-03T15:09:39","modified_gmt":"2019-09-03T15:09:39","slug":"que-relacion-hay-entre-el-consumo-de-carne-y-lo-ocurrido-en-la-amazonia","status":"publish","type":"post","link":"https:\/\/sertv.gob.pa\/crisolfm\/que-relacion-hay-entre-el-consumo-de-carne-y-lo-ocurrido-en-la-amazonia\/","title":{"rendered":"\u00bfQu\u00e9 relaci\u00f3n hay entre el consumo de carne y lo ocurrido en la Amazonia?"},"content":{"rendered":"<p>Nuestra casa se quema. Los\u00a0incendios en la Amazonia\u00a0y otras regiones confirman que estamos ante una<strong> emergencia planetaria<\/strong>, tal vez la mayor a la que nos enfrentamos, pero a\u00fan as\u00ed nos cuesta aceptarlo y reaccionar. Nos acomodamos a todo muy f\u00e1cilmente, es un gran defecto de los seres humanos. Pero ante un peligro de esta envergadura, lo primero que hay que hacer es\u00a0tirar del freno de emergencia\u00a0y parar la locomotora. S\u00ed, de golpe. Lo segundo ser\u00eda pensar en lo que ha causado el problema para que no se repita en el futuro y, as\u00ed, que el tren completo pueda llegar a su destino, aunque vaya m\u00e1s despacio y haga m\u00e1s paradas.<\/p>\n<p>Y el destino aqu\u00ed es garantizar la vida en el planeta; la nuestra y la de las dem\u00e1s especies con quienes compartimos casa. Los incendios en la Amazonia no son accidentales. A menudo,\u00a0los bosques se est\u00e1n talando y quemando\u00a0para<strong> seguir con la expansi\u00f3n agr\u00edcola <\/strong>y dar paso a los pastos y cultivos para\u00a0alimentar el ganado. En toda Am\u00e9rica del Sur, los bosques est\u00e1n siendo destruidos para dar respuesta a una demanda cada vez mayor de piensos para la ganader\u00eda industrial que, a su vez, responde a un consumo desmesurado y una demanda creciente de carne barata en algunos pa\u00edses.<\/p>\n<p>En nuestros platos est\u00e1 la cerilla que prende el fuego que da origen a estos devastadores incendios. Para muchos, importa m\u00e1s el dinero que se pueda ganar (y lo poco que cuesta un filete) que el incalculable valor para la humanidad de\u00a0<strong>conservar ecosistemas forestales <\/strong>como la selva amaz\u00f3nica, el Cerrado o el Chaco.<\/p>\n<p>ECOticias<\/p>\n","protected":false},"excerpt":{"rendered":"<p>Nuestra casa se quema. Los\u00a0incendios en la Amazonia\u00a0y otras regiones <a href=\"https:\/\/sertv.gob.pa\/crisolfm\/que-relacion-hay-entre-el-consumo-de-carne-y-lo-ocurrido-en-la-amazonia\/\"> [&#8230;]<\/a><\/p>\n","protected":false},"author":64,"featured_media":22004,"comment_status":"closed","ping_status":"closed","sticky":false,"template":"","format":"standard","meta":{"footnotes":""},"categories":[7],"tags":[],"class_list":["post-22003","post","type-post","status-publish","format-standard","has-post-thumbnail","hentry","category-ecologicas"],"_links":{"self":[{"href":"https:\/\/sertv.gob.pa\/crisolfm\/wp-json\/wp\/v2\/posts\/22003","targetHints":{"allow":["GET"]}}],"collection":[{"href":"https:\/\/sertv.gob.pa\/crisolfm\/wp-json\/wp\/v2\/posts"}],"about":[{"href":"https:\/\/sertv.gob.pa\/crisolfm\/wp-json\/wp\/v2\/types\/post"}],"author":[{"embeddable":true,"href":"https:\/\/sertv.gob.pa\/crisolfm\/wp-json\/wp\/v2\/users\/64"}],"replies":[{"embeddable":true,"href":"https:\/\/sertv.gob.pa\/crisolfm\/wp-json\/wp\/v2\/comments?post=22003"}],"version-history":[{"count":1,"href":"https:\/\/sertv.gob.pa\/crisolfm\/wp-json\/wp\/v2\/posts\/22003\/revisions"}],"predecessor-version":[{"id":22005,"href":"https:\/\/sertv.gob.pa\/crisolfm\/wp-json\/wp\/v2\/posts\/22003\/revisions\/22005"}],"wp:featuredmedia":[{"embeddable":true,"href":"https:\/\/sertv.gob.pa\/crisolfm\/wp-json\/wp\/v2\/media\/22004"}],"wp:attachment":[{"href":"https:\/\/sertv.gob.pa\/crisolfm\/wp-json\/wp\/v2\/media?parent=22003"}],"wp:term":[{"taxonomy":"category","embeddable":true,"href":"https:\/\/sertv.gob.pa\/crisolfm\/wp-json\/wp\/v2\/categories?post=22003"},{"taxonomy":"post_tag","embeddable":true,"href":"https:\/\/sertv.gob.pa\/crisolfm\/wp-json\/wp\/v2\/tags?post=22003"}],"curies":[{"name":"wp","href":"https:\/\/api.w.org\/{rel}","templated":true}]}}