{"id":22009,"date":"2019-09-03T16:10:29","date_gmt":"2019-09-03T16:10:29","guid":{"rendered":"https:\/\/sertv.gob.pa\/crisolfm\/?p=22009"},"modified":"2019-09-03T16:10:29","modified_gmt":"2019-09-03T16:10:29","slug":"universitarios-estadounidenses-participan-en-un-curso-sobre-energias-renovables-en-la-upna-navarra","status":"publish","type":"post","link":"https:\/\/sertv.gob.pa\/crisolfm\/universitarios-estadounidenses-participan-en-un-curso-sobre-energias-renovables-en-la-upna-navarra\/","title":{"rendered":"Universitarios estadounidenses participan en un curso sobre energ\u00edas renovables en la UPNA (Navarra)"},"content":{"rendered":"<p>Quince estudiantes de la Universidad de Kentucky (Estados Unidos) han realizado en la Universidad P\u00fablica de Navarra (UPNA) un curso sobre energ\u00edas renovables, coorganizado con el Colegio de Graduados e Ingenieros T\u00e9cnicos Industriales de Navarra (CITI Navarra). El monogr\u00e1fico, coordinado por el investigador del Instituto de Smart Cities (ISC) de la UPNA Javier Samanes Pascual y por el ingeniero Xabier Zubialde Legarreta, ha abordado las principales <strong>t\u00e9cnicas de producci\u00f3n de energ\u00edas renovables.<\/strong><\/p>\n<p>Adem\u00e1s de otras cuestiones relacionadas, como la penetraci\u00f3n en la red el\u00e9ctrica, el efecto sobre el mercado el\u00e9ctrico, el problema del almacenamiento de la energ\u00eda, la movilidad el\u00e9ctrica e, incluso, otras m\u00e1s profundas, como el impacto social y medioambiental del consumo de energ\u00eda.<\/p>\n<p>Las clases, impartidas tanto por profesores e investigadores de la UPNA como por profesionales del sector vinculados al Colegio de Graduados e Ingenieros T\u00e9cnicos Industriales de Navarra, tienen una fuerte orientaci\u00f3n pr\u00e1ctica y combinan las explicaciones te\u00f3ricas con visitas a empresas e instalaciones, en las que el alumnado conoce la<strong> realidad cotidiana de los conceptos aprendidos <\/strong>en el aula. En este sentido, el curso est\u00e1 concebido como \u00abuna oportunidad para que los estudiantes norteamericanos puedan conocer, de primera mano, el extraordinario v\u00ednculo de la Comunidad foral con las renovables, una de las regiones del mundo pioneras en su implantaci\u00f3n y desarrollo\u00bb, ha destacado la UPNA en una nota.<\/p>\n<p>ECOticias<\/p>\n","protected":false},"excerpt":{"rendered":"<p>Quince estudiantes de la Universidad de Kentucky (Estados Unidos) han <a href=\"https:\/\/sertv.gob.pa\/crisolfm\/universitarios-estadounidenses-participan-en-un-curso-sobre-energias-renovables-en-la-upna-navarra\/\"> [&#8230;]<\/a><\/p>\n","protected":false},"author":64,"featured_media":22010,"comment_status":"closed","ping_status":"closed","sticky":false,"template":"","format":"standard","meta":{"footnotes":""},"categories":[7],"tags":[],"class_list":["post-22009","post","type-post","status-publish","format-standard","has-post-thumbnail","hentry","category-ecologicas"],"_links":{"self":[{"href":"https:\/\/sertv.gob.pa\/crisolfm\/wp-json\/wp\/v2\/posts\/22009","targetHints":{"allow":["GET"]}}],"collection":[{"href":"https:\/\/sertv.gob.pa\/crisolfm\/wp-json\/wp\/v2\/posts"}],"about":[{"href":"https:\/\/sertv.gob.pa\/crisolfm\/wp-json\/wp\/v2\/types\/post"}],"author":[{"embeddable":true,"href":"https:\/\/sertv.gob.pa\/crisolfm\/wp-json\/wp\/v2\/users\/64"}],"replies":[{"embeddable":true,"href":"https:\/\/sertv.gob.pa\/crisolfm\/wp-json\/wp\/v2\/comments?post=22009"}],"version-history":[{"count":1,"href":"https:\/\/sertv.gob.pa\/crisolfm\/wp-json\/wp\/v2\/posts\/22009\/revisions"}],"predecessor-version":[{"id":22011,"href":"https:\/\/sertv.gob.pa\/crisolfm\/wp-json\/wp\/v2\/posts\/22009\/revisions\/22011"}],"wp:featuredmedia":[{"embeddable":true,"href":"https:\/\/sertv.gob.pa\/crisolfm\/wp-json\/wp\/v2\/media\/22010"}],"wp:attachment":[{"href":"https:\/\/sertv.gob.pa\/crisolfm\/wp-json\/wp\/v2\/media?parent=22009"}],"wp:term":[{"taxonomy":"category","embeddable":true,"href":"https:\/\/sertv.gob.pa\/crisolfm\/wp-json\/wp\/v2\/categories?post=22009"},{"taxonomy":"post_tag","embeddable":true,"href":"https:\/\/sertv.gob.pa\/crisolfm\/wp-json\/wp\/v2\/tags?post=22009"}],"curies":[{"name":"wp","href":"https:\/\/api.w.org\/{rel}","templated":true}]}}