{"id":22022,"date":"2019-09-03T18:33:00","date_gmt":"2019-09-03T18:33:00","guid":{"rendered":"https:\/\/sertv.gob.pa\/crisolfm\/?p=22022"},"modified":"2019-09-03T18:33:00","modified_gmt":"2019-09-03T18:33:00","slug":"huracan-dorian-se-debilita-a-categoria-2-dicen-servicios-meteorologicos","status":"publish","type":"post","link":"https:\/\/sertv.gob.pa\/crisolfm\/huracan-dorian-se-debilita-a-categoria-2-dicen-servicios-meteorologicos\/","title":{"rendered":"Hurac\u00e1n Dorian se debilita a categor\u00eda 2, dicen servicios meteorol\u00f3gicos"},"content":{"rendered":"<p>El hurac\u00e1n Dorian, que se dirige lentamente hacia la costa sureste de Estados Unidos tras dejar al menos cinco muertos en las Bahamas, se debilit\u00f3 a categor\u00eda 2 este martes 3 de septiembre, seg\u00fan el \u00faltimo bolet\u00edn del Centro Nacional de Huracanes estadounidense (NHC, por sus siglas en ingl\u00e9s).<\/p>\n<p>Dorian, que golpe\u00f3 las Bahamas el domingo como una tormenta de categor\u00eda 5 \u2013la m\u00e1xima escala\u2013 perdi\u00f3 fuerza, aunque sigue representando una peligrosa amenaza al avanzar hacia Florida a 3.2 kil\u00f3metros por hora con vientos de hasta 175 kil\u00f3metros por hora.<\/p>\n<p>Cientos de camiones el\u00e9ctricos, excavadoras y podadoras est\u00e1n listos en Florida, esperando el lento avance del hurac\u00e1n Dorian. Las casas y negocios est\u00e1n tapiados desde el viernes. Los puentes a las islas cerraron el lunes; muchos residentes evacuaron el domingo.<\/p>\n<p>&nbsp;<\/p>\n<p>AFP<\/p>\n","protected":false},"excerpt":{"rendered":"<p>El hurac\u00e1n Dorian, que se dirige lentamente hacia la costa <a href=\"https:\/\/sertv.gob.pa\/crisolfm\/huracan-dorian-se-debilita-a-categoria-2-dicen-servicios-meteorologicos\/\"> [&#8230;]<\/a><\/p>\n","protected":false},"author":64,"featured_media":22023,"comment_status":"closed","ping_status":"closed","sticky":false,"template":"","format":"standard","meta":{"footnotes":""},"categories":[7],"tags":[],"class_list":["post-22022","post","type-post","status-publish","format-standard","has-post-thumbnail","hentry","category-ecologicas"],"_links":{"self":[{"href":"https:\/\/sertv.gob.pa\/crisolfm\/wp-json\/wp\/v2\/posts\/22022","targetHints":{"allow":["GET"]}}],"collection":[{"href":"https:\/\/sertv.gob.pa\/crisolfm\/wp-json\/wp\/v2\/posts"}],"about":[{"href":"https:\/\/sertv.gob.pa\/crisolfm\/wp-json\/wp\/v2\/types\/post"}],"author":[{"embeddable":true,"href":"https:\/\/sertv.gob.pa\/crisolfm\/wp-json\/wp\/v2\/users\/64"}],"replies":[{"embeddable":true,"href":"https:\/\/sertv.gob.pa\/crisolfm\/wp-json\/wp\/v2\/comments?post=22022"}],"version-history":[{"count":1,"href":"https:\/\/sertv.gob.pa\/crisolfm\/wp-json\/wp\/v2\/posts\/22022\/revisions"}],"predecessor-version":[{"id":22024,"href":"https:\/\/sertv.gob.pa\/crisolfm\/wp-json\/wp\/v2\/posts\/22022\/revisions\/22024"}],"wp:featuredmedia":[{"embeddable":true,"href":"https:\/\/sertv.gob.pa\/crisolfm\/wp-json\/wp\/v2\/media\/22023"}],"wp:attachment":[{"href":"https:\/\/sertv.gob.pa\/crisolfm\/wp-json\/wp\/v2\/media?parent=22022"}],"wp:term":[{"taxonomy":"category","embeddable":true,"href":"https:\/\/sertv.gob.pa\/crisolfm\/wp-json\/wp\/v2\/categories?post=22022"},{"taxonomy":"post_tag","embeddable":true,"href":"https:\/\/sertv.gob.pa\/crisolfm\/wp-json\/wp\/v2\/tags?post=22022"}],"curies":[{"name":"wp","href":"https:\/\/api.w.org\/{rel}","templated":true}]}}