{"id":22031,"date":"2019-09-04T13:26:35","date_gmt":"2019-09-04T13:26:35","guid":{"rendered":"https:\/\/sertv.gob.pa\/crisolfm\/?p=22031"},"modified":"2019-09-04T13:26:35","modified_gmt":"2019-09-04T13:26:35","slug":"milciades-concepcion-anuncia-moratoria-para-tala-de-arboles","status":"publish","type":"post","link":"https:\/\/sertv.gob.pa\/crisolfm\/milciades-concepcion-anuncia-moratoria-para-tala-de-arboles\/","title":{"rendered":"Milciades Concepci\u00f3n anuncia moratoria para tala de \u00e1rboles"},"content":{"rendered":"<p>El Ministerio de Ambiente emitir\u00e1 el pr\u00f3ximo lunes en Gaceta Oficial, una resoluci\u00f3n para declarar una moratoria por a\u00f1o para la tala legal e ilegal de \u00e1rboles a nivel nacional, anunci\u00f3 ayer el ministro de esta cartera, Milciades Concepci\u00f3n.<\/p>\n<p>Con esta moratoria, explic\u00f3 el ministro, se suspender\u00e1n los permisos de tala legal, mientras que contra la tala ilegal, se emprender\u00e1n acciones en\u00e9rgicas con la Polic\u00eda Ecol\u00f3gica, el Servicio Nacional de Fronteras (Senafront) y el Servicio Nacional Aeronaval (Senan).<\/p>\n<p>Concepci\u00f3n a\u00f1adi\u00f3 que ya se han confiscado maderas ilegales y se han comenzado procesos administrativos a personas que est\u00e1n incumpliendo la normativa ambiental. \u2018Esta moratoria ser\u00e1 a nivel nacional y se aplicar\u00e1 para todos los tipos de permisos&#8217;, advirti\u00f3.<\/p>\n<p>El anuncio de Concepci\u00f3n se dio en medio de la instalaci\u00f3n de una Comisi\u00f3n Especial de la Asamblea Nacional, presidida por el diputado Edison Broce, que investigar\u00e1 las causas de la deforestaci\u00f3n en la provincia de Dari\u00e9n.<\/p>\n<p>&nbsp;<\/p>\n","protected":false},"excerpt":{"rendered":"<p>El Ministerio de Ambiente emitir\u00e1 el pr\u00f3ximo lunes en Gaceta <a href=\"https:\/\/sertv.gob.pa\/crisolfm\/milciades-concepcion-anuncia-moratoria-para-tala-de-arboles\/\"> [&#8230;]<\/a><\/p>\n","protected":false},"author":64,"featured_media":22032,"comment_status":"closed","ping_status":"closed","sticky":false,"template":"","format":"standard","meta":{"footnotes":""},"categories":[7],"tags":[],"class_list":["post-22031","post","type-post","status-publish","format-standard","has-post-thumbnail","hentry","category-ecologicas"],"_links":{"self":[{"href":"https:\/\/sertv.gob.pa\/crisolfm\/wp-json\/wp\/v2\/posts\/22031","targetHints":{"allow":["GET"]}}],"collection":[{"href":"https:\/\/sertv.gob.pa\/crisolfm\/wp-json\/wp\/v2\/posts"}],"about":[{"href":"https:\/\/sertv.gob.pa\/crisolfm\/wp-json\/wp\/v2\/types\/post"}],"author":[{"embeddable":true,"href":"https:\/\/sertv.gob.pa\/crisolfm\/wp-json\/wp\/v2\/users\/64"}],"replies":[{"embeddable":true,"href":"https:\/\/sertv.gob.pa\/crisolfm\/wp-json\/wp\/v2\/comments?post=22031"}],"version-history":[{"count":1,"href":"https:\/\/sertv.gob.pa\/crisolfm\/wp-json\/wp\/v2\/posts\/22031\/revisions"}],"predecessor-version":[{"id":22033,"href":"https:\/\/sertv.gob.pa\/crisolfm\/wp-json\/wp\/v2\/posts\/22031\/revisions\/22033"}],"wp:featuredmedia":[{"embeddable":true,"href":"https:\/\/sertv.gob.pa\/crisolfm\/wp-json\/wp\/v2\/media\/22032"}],"wp:attachment":[{"href":"https:\/\/sertv.gob.pa\/crisolfm\/wp-json\/wp\/v2\/media?parent=22031"}],"wp:term":[{"taxonomy":"category","embeddable":true,"href":"https:\/\/sertv.gob.pa\/crisolfm\/wp-json\/wp\/v2\/categories?post=22031"},{"taxonomy":"post_tag","embeddable":true,"href":"https:\/\/sertv.gob.pa\/crisolfm\/wp-json\/wp\/v2\/tags?post=22031"}],"curies":[{"name":"wp","href":"https:\/\/api.w.org\/{rel}","templated":true}]}}