{"id":22040,"date":"2019-09-04T13:55:50","date_gmt":"2019-09-04T13:55:50","guid":{"rendered":"https:\/\/sertv.gob.pa\/crisolfm\/?p=22040"},"modified":"2019-09-04T13:55:51","modified_gmt":"2019-09-04T13:55:51","slug":"exposicion-de-tutankamon-la-mas-visitada-en-la-historia-de-paris","status":"publish","type":"post","link":"https:\/\/sertv.gob.pa\/crisolfm\/exposicion-de-tutankamon-la-mas-visitada-en-la-historia-de-paris\/","title":{"rendered":"Exposici\u00f3n de Tutankam\u00f3n, la m\u00e1s visitada en la historia de Par\u00eds"},"content":{"rendered":"<p>La exposici\u00f3n \u00abTutankam\u00f3n, el tesoro del fara\u00f3n\u00bb en Par\u00eds acogi\u00f3 a m\u00e1s de 1,3 millones de visitantes desde su inauguraci\u00f3n en marzo, lo que la convierte en la m\u00e1s visitada en la historia de la capital francesa.<\/p>\n<p>\u00abEl n\u00famero de billetes vendidos para la exposici\u00f3n (&#8230;) super\u00f3 1,3 millones, sobrepasando el n\u00famero de visitas de la muestra \u00abTutankam\u00f3n y su tiempo\u00bb de 1967 que hab\u00eda atra\u00eddo a 1,2 millones de visitantes en (el museo) Petit Palais, tambi\u00e9n en Par\u00eds, cuyo r\u00e9cord no hab\u00eda sido superado hasta ahora\u00bb, se felicitaron el martes los organizadores del evento.<\/p>\n<p>La muestra, que se exhibe en el complejo de La Villette en el norte de Par\u00eds, cerrar\u00e1 sus puertas el 22 de septiembre.<\/p>\n<p><strong>AFP<\/strong><\/p>\n<p>&nbsp;<\/p>\n","protected":false},"excerpt":{"rendered":"<p>La exposici\u00f3n \u00abTutankam\u00f3n, el tesoro del fara\u00f3n\u00bb en Par\u00eds acogi\u00f3 <a href=\"https:\/\/sertv.gob.pa\/crisolfm\/exposicion-de-tutankamon-la-mas-visitada-en-la-historia-de-paris\/\"> [&#8230;]<\/a><\/p>\n","protected":false},"author":64,"featured_media":22041,"comment_status":"closed","ping_status":"closed","sticky":false,"template":"","format":"standard","meta":{"footnotes":""},"categories":[6],"tags":[],"class_list":["post-22040","post","type-post","status-publish","format-standard","has-post-thumbnail","hentry","category-culturales"],"_links":{"self":[{"href":"https:\/\/sertv.gob.pa\/crisolfm\/wp-json\/wp\/v2\/posts\/22040","targetHints":{"allow":["GET"]}}],"collection":[{"href":"https:\/\/sertv.gob.pa\/crisolfm\/wp-json\/wp\/v2\/posts"}],"about":[{"href":"https:\/\/sertv.gob.pa\/crisolfm\/wp-json\/wp\/v2\/types\/post"}],"author":[{"embeddable":true,"href":"https:\/\/sertv.gob.pa\/crisolfm\/wp-json\/wp\/v2\/users\/64"}],"replies":[{"embeddable":true,"href":"https:\/\/sertv.gob.pa\/crisolfm\/wp-json\/wp\/v2\/comments?post=22040"}],"version-history":[{"count":1,"href":"https:\/\/sertv.gob.pa\/crisolfm\/wp-json\/wp\/v2\/posts\/22040\/revisions"}],"predecessor-version":[{"id":22042,"href":"https:\/\/sertv.gob.pa\/crisolfm\/wp-json\/wp\/v2\/posts\/22040\/revisions\/22042"}],"wp:featuredmedia":[{"embeddable":true,"href":"https:\/\/sertv.gob.pa\/crisolfm\/wp-json\/wp\/v2\/media\/22041"}],"wp:attachment":[{"href":"https:\/\/sertv.gob.pa\/crisolfm\/wp-json\/wp\/v2\/media?parent=22040"}],"wp:term":[{"taxonomy":"category","embeddable":true,"href":"https:\/\/sertv.gob.pa\/crisolfm\/wp-json\/wp\/v2\/categories?post=22040"},{"taxonomy":"post_tag","embeddable":true,"href":"https:\/\/sertv.gob.pa\/crisolfm\/wp-json\/wp\/v2\/tags?post=22040"}],"curies":[{"name":"wp","href":"https:\/\/api.w.org\/{rel}","templated":true}]}}