{"id":22043,"date":"2019-09-04T14:03:50","date_gmt":"2019-09-04T14:03:50","guid":{"rendered":"https:\/\/sertv.gob.pa\/crisolfm\/?p=22043"},"modified":"2019-09-04T14:03:50","modified_gmt":"2019-09-04T14:03:50","slug":"diablo-rojo-la-primera-cinta-panamena-de-terror","status":"publish","type":"post","link":"https:\/\/sertv.gob.pa\/crisolfm\/diablo-rojo-la-primera-cinta-panamena-de-terror\/","title":{"rendered":"\u201cDiablo Rojo\u201d, la primera cinta paname\u00f1a de terror"},"content":{"rendered":"<p>La directora paname\u00f1a, Sol Moreno, llevar\u00e1 las leyendas paname\u00f1as a los cines con la cinta de terror \u201cDiablo Rojo\u201d, que se estrenar\u00e1 este 19 de septiembre. Moreno detall\u00f3 que la pel\u00edcula se centra en la vida de un conductor de bus tipo \u201cdiablo rojo\u201d, que se encuentra con una bruja, la cual lo maldice y lo hace introducirse hasta el espeso bosque de Chiriqu\u00ed, donde ser\u00e1 atormentado por diferentes criaturas sobrenaturales de la cultura paname\u00f1a.<\/p>\n<p>Agreg\u00f3 que el prop\u00f3sito de estas producciones es estimular el inter\u00e9s por las historias tradicionales, por medio de las narraciones que alguna vez nos atemorizaron.<\/p>\n<p>Entre los actores de este filme se destacan: Carlos Carrasco, Alejandra Ara\u00faz, Juli\u00e1n Urriola, Blass Baloy, Ren\u00e1n Hern\u00e1ndez, entre otros. La filmaci\u00f3n se realiz\u00f3 en diferentes sitios de Chiriqu\u00ed y la capital.<\/p>\n<p>&nbsp;<\/p>\n","protected":false},"excerpt":{"rendered":"<p>La directora paname\u00f1a, Sol Moreno, llevar\u00e1 las leyendas paname\u00f1as a <a href=\"https:\/\/sertv.gob.pa\/crisolfm\/diablo-rojo-la-primera-cinta-panamena-de-terror\/\"> [&#8230;]<\/a><\/p>\n","protected":false},"author":64,"featured_media":22044,"comment_status":"closed","ping_status":"closed","sticky":false,"template":"","format":"standard","meta":{"footnotes":""},"categories":[6],"tags":[],"class_list":["post-22043","post","type-post","status-publish","format-standard","has-post-thumbnail","hentry","category-culturales"],"_links":{"self":[{"href":"https:\/\/sertv.gob.pa\/crisolfm\/wp-json\/wp\/v2\/posts\/22043","targetHints":{"allow":["GET"]}}],"collection":[{"href":"https:\/\/sertv.gob.pa\/crisolfm\/wp-json\/wp\/v2\/posts"}],"about":[{"href":"https:\/\/sertv.gob.pa\/crisolfm\/wp-json\/wp\/v2\/types\/post"}],"author":[{"embeddable":true,"href":"https:\/\/sertv.gob.pa\/crisolfm\/wp-json\/wp\/v2\/users\/64"}],"replies":[{"embeddable":true,"href":"https:\/\/sertv.gob.pa\/crisolfm\/wp-json\/wp\/v2\/comments?post=22043"}],"version-history":[{"count":1,"href":"https:\/\/sertv.gob.pa\/crisolfm\/wp-json\/wp\/v2\/posts\/22043\/revisions"}],"predecessor-version":[{"id":22045,"href":"https:\/\/sertv.gob.pa\/crisolfm\/wp-json\/wp\/v2\/posts\/22043\/revisions\/22045"}],"wp:featuredmedia":[{"embeddable":true,"href":"https:\/\/sertv.gob.pa\/crisolfm\/wp-json\/wp\/v2\/media\/22044"}],"wp:attachment":[{"href":"https:\/\/sertv.gob.pa\/crisolfm\/wp-json\/wp\/v2\/media?parent=22043"}],"wp:term":[{"taxonomy":"category","embeddable":true,"href":"https:\/\/sertv.gob.pa\/crisolfm\/wp-json\/wp\/v2\/categories?post=22043"},{"taxonomy":"post_tag","embeddable":true,"href":"https:\/\/sertv.gob.pa\/crisolfm\/wp-json\/wp\/v2\/tags?post=22043"}],"curies":[{"name":"wp","href":"https:\/\/api.w.org\/{rel}","templated":true}]}}