{"id":22055,"date":"2019-09-04T14:30:04","date_gmt":"2019-09-04T14:30:04","guid":{"rendered":"https:\/\/sertv.gob.pa\/crisolfm\/?p=22055"},"modified":"2019-09-04T14:30:04","modified_gmt":"2019-09-04T14:30:04","slug":"tras-devastar-las-bahamas-dorian-avanza-hacia-estados-unidos","status":"publish","type":"post","link":"https:\/\/sertv.gob.pa\/crisolfm\/tras-devastar-las-bahamas-dorian-avanza-hacia-estados-unidos\/","title":{"rendered":"Tras devastar las Bahamas, Dorian avanza hacia Estados Unidos"},"content":{"rendered":"<p>El hurac\u00e1n Dorian sigue avanzando lentamente este mi\u00e9rcoles hacia la costa sureste de Estados Unidos como una peligrosa tormenta de categor\u00eda 2, tras dejar al menos 7 muertos e importantes da\u00f1os materiales en las Bahamas.<\/p>\n<p>Dos personas fallecieron en el hospital el martes a consecuencia de sus heridas, sum\u00e1ndose a los cinco muertos que se hab\u00edan contabilizado hasta el momento, anunci\u00f3 el primer ministro Hubert Minnis en rueda de prensa.\u00a0 El dirigente advirti\u00f3 que la cifra de v\u00edctimas podr\u00eda aumentar y llam\u00f3 a Dorian \u00abuna de las mayores crisis en la historia de nuestro pa\u00eds\u00bb.<\/p>\n<p>El Centro Nacional de Huracanes (NHC), con sede en Miami, dijo que el centro de la tormenta \u00abavanzar\u00e1 peligrosamente hacia la costa este de Florida y la costa de Georgia el mi\u00e9rcoles por la noche\u00bb. A las 09H00 GMT, Dorian avanzaba hacia el norte-noroeste a 13 km por hora, con vientos de hasta 165 km por hora, seg\u00fan el NHC.<\/p>\n<p>AFP<\/p>\n","protected":false},"excerpt":{"rendered":"<p>El hurac\u00e1n Dorian sigue avanzando lentamente este mi\u00e9rcoles hacia la <a href=\"https:\/\/sertv.gob.pa\/crisolfm\/tras-devastar-las-bahamas-dorian-avanza-hacia-estados-unidos\/\"> [&#8230;]<\/a><\/p>\n","protected":false},"author":64,"featured_media":22056,"comment_status":"closed","ping_status":"closed","sticky":false,"template":"","format":"standard","meta":{"footnotes":""},"categories":[7],"tags":[],"class_list":["post-22055","post","type-post","status-publish","format-standard","has-post-thumbnail","hentry","category-ecologicas"],"_links":{"self":[{"href":"https:\/\/sertv.gob.pa\/crisolfm\/wp-json\/wp\/v2\/posts\/22055","targetHints":{"allow":["GET"]}}],"collection":[{"href":"https:\/\/sertv.gob.pa\/crisolfm\/wp-json\/wp\/v2\/posts"}],"about":[{"href":"https:\/\/sertv.gob.pa\/crisolfm\/wp-json\/wp\/v2\/types\/post"}],"author":[{"embeddable":true,"href":"https:\/\/sertv.gob.pa\/crisolfm\/wp-json\/wp\/v2\/users\/64"}],"replies":[{"embeddable":true,"href":"https:\/\/sertv.gob.pa\/crisolfm\/wp-json\/wp\/v2\/comments?post=22055"}],"version-history":[{"count":1,"href":"https:\/\/sertv.gob.pa\/crisolfm\/wp-json\/wp\/v2\/posts\/22055\/revisions"}],"predecessor-version":[{"id":22057,"href":"https:\/\/sertv.gob.pa\/crisolfm\/wp-json\/wp\/v2\/posts\/22055\/revisions\/22057"}],"wp:featuredmedia":[{"embeddable":true,"href":"https:\/\/sertv.gob.pa\/crisolfm\/wp-json\/wp\/v2\/media\/22056"}],"wp:attachment":[{"href":"https:\/\/sertv.gob.pa\/crisolfm\/wp-json\/wp\/v2\/media?parent=22055"}],"wp:term":[{"taxonomy":"category","embeddable":true,"href":"https:\/\/sertv.gob.pa\/crisolfm\/wp-json\/wp\/v2\/categories?post=22055"},{"taxonomy":"post_tag","embeddable":true,"href":"https:\/\/sertv.gob.pa\/crisolfm\/wp-json\/wp\/v2\/tags?post=22055"}],"curies":[{"name":"wp","href":"https:\/\/api.w.org\/{rel}","templated":true}]}}