{"id":22064,"date":"2019-09-04T19:42:12","date_gmt":"2019-09-04T19:42:12","guid":{"rendered":"https:\/\/sertv.gob.pa\/crisolfm\/?p=22064"},"modified":"2019-09-04T19:42:12","modified_gmt":"2019-09-04T19:42:12","slug":"aviso-de-prevencion-por-paso-de-la-onda-tropical-37","status":"publish","type":"post","link":"https:\/\/sertv.gob.pa\/crisolfm\/aviso-de-prevencion-por-paso-de-la-onda-tropical-37\/","title":{"rendered":"Aviso de prevenci\u00f3n por paso de la Onda Tropical 37"},"content":{"rendered":"<p>El Centro de Operaciones de Emergencias (COE) emiti\u00f3 un Aviso de Prevenci\u00f3n (Vigilancia y Monitoreo) por paso de la Onda Tropical No.37 sobre el pa\u00eds hasta las 11:00 p.m., del viernes 6 de septiembre.<\/p>\n<p>Omas Smith Gallardo, director general del Sistema Nacional de Protecci\u00f3n Civil (Sinaproc), enfatiz\u00f3 que las condiciones de lluvias y tormentas se har\u00e1n presentes durante la tarde y se prev\u00e9 que haya una cobertura nubosa variada desde parcialmente nublado a cubierto en gran parte del territorio nacional, exceptuando algunas regiones del Caribe y sectores mar\u00edtimos en el que se presentar\u00e1n aguaceros y tormentas dispersas.<\/p>\n<p>\u201cLas personas que vive en zonas vulnerables a inundaciones y deslizamientos de tierra deber\u00e1n seguir las medidas de prevenci\u00f3n. Se recomienda evitar visitar r\u00edos, quebradas y monta\u00f1as por seguridad. No cruzar afluentes, las cabezas de agua son repentinas y peligrosas\u201d.<\/p>\n<p>&nbsp;<\/p>\n","protected":false},"excerpt":{"rendered":"<p>El Centro de Operaciones de Emergencias (COE) emiti\u00f3 un Aviso <a href=\"https:\/\/sertv.gob.pa\/crisolfm\/aviso-de-prevencion-por-paso-de-la-onda-tropical-37\/\"> [&#8230;]<\/a><\/p>\n","protected":false},"author":64,"featured_media":22065,"comment_status":"closed","ping_status":"closed","sticky":false,"template":"","format":"standard","meta":{"footnotes":""},"categories":[7],"tags":[],"class_list":["post-22064","post","type-post","status-publish","format-standard","has-post-thumbnail","hentry","category-ecologicas"],"_links":{"self":[{"href":"https:\/\/sertv.gob.pa\/crisolfm\/wp-json\/wp\/v2\/posts\/22064","targetHints":{"allow":["GET"]}}],"collection":[{"href":"https:\/\/sertv.gob.pa\/crisolfm\/wp-json\/wp\/v2\/posts"}],"about":[{"href":"https:\/\/sertv.gob.pa\/crisolfm\/wp-json\/wp\/v2\/types\/post"}],"author":[{"embeddable":true,"href":"https:\/\/sertv.gob.pa\/crisolfm\/wp-json\/wp\/v2\/users\/64"}],"replies":[{"embeddable":true,"href":"https:\/\/sertv.gob.pa\/crisolfm\/wp-json\/wp\/v2\/comments?post=22064"}],"version-history":[{"count":1,"href":"https:\/\/sertv.gob.pa\/crisolfm\/wp-json\/wp\/v2\/posts\/22064\/revisions"}],"predecessor-version":[{"id":22066,"href":"https:\/\/sertv.gob.pa\/crisolfm\/wp-json\/wp\/v2\/posts\/22064\/revisions\/22066"}],"wp:featuredmedia":[{"embeddable":true,"href":"https:\/\/sertv.gob.pa\/crisolfm\/wp-json\/wp\/v2\/media\/22065"}],"wp:attachment":[{"href":"https:\/\/sertv.gob.pa\/crisolfm\/wp-json\/wp\/v2\/media?parent=22064"}],"wp:term":[{"taxonomy":"category","embeddable":true,"href":"https:\/\/sertv.gob.pa\/crisolfm\/wp-json\/wp\/v2\/categories?post=22064"},{"taxonomy":"post_tag","embeddable":true,"href":"https:\/\/sertv.gob.pa\/crisolfm\/wp-json\/wp\/v2\/tags?post=22064"}],"curies":[{"name":"wp","href":"https:\/\/api.w.org\/{rel}","templated":true}]}}