{"id":22067,"date":"2019-09-05T13:10:21","date_gmt":"2019-09-05T13:10:21","guid":{"rendered":"https:\/\/sertv.gob.pa\/crisolfm\/?p=22067"},"modified":"2019-09-05T13:10:21","modified_gmt":"2019-09-05T13:10:21","slug":"en-zoo-de-berlin-alemania-nacen-gemelos-panda-en-cautividad","status":"publish","type":"post","link":"https:\/\/sertv.gob.pa\/crisolfm\/en-zoo-de-berlin-alemania-nacen-gemelos-panda-en-cautividad\/","title":{"rendered":"En Zoo de Berl\u00edn, Alemania, nacen gemelos panda en cautividad"},"content":{"rendered":"<p>El<strong> zoo de Berl\u00edn <\/strong>anunci\u00f3 que la <strong>osa panda Meng Meng<\/strong>, cuyo <strong>embarazo<\/strong> fue confirmado la semana pasada,<strong> dio a luz el pasado s\u00e1bado<\/strong> a <strong>dos oseznos<\/strong>, los primeros<strong> nacidos en cautividad en Alemania.<\/strong> El director del zool\u00f3gico, Andreas Knieriem se\u00f1al\u00f3 en un comunicado que <strong>\u00abMeng Meng y sus dos peque\u00f1os<\/strong> han<strong> superado bien el parto <\/strong>y se <strong>encuentran bien<\/strong>\u00ab.<\/p>\n<p>\u00abAunque <strong>son los primeros cachorros <\/strong>para nuestra<strong> joven dama panda<\/strong>, se est\u00e1 <strong>ocupando de ellos de manera ejemplar<\/strong>. Al principio los cachorros t<strong>ienen que beber m\u00e1s <\/strong>o menos cada <strong>dos a tres horas,<\/strong> el <strong>calor y la cercan\u00eda<\/strong> de la <strong>madre <\/strong>son importantes para que los <strong>peque\u00f1os no cojan fr\u00edo<\/strong>\u00ab, explic\u00f3.<\/p>\n<p>Despu\u00e9s de <strong>varias<\/strong> emocionantes<strong> semanas de prolongada incertidumbre<\/strong>, el <strong>31 de agosto<\/strong> a las 18.54 (16.54 GMT) fi<strong>nalmente lleg\u00f3 la hora<\/strong> y <strong>Meng Meng<\/strong>, de <strong>seis a\u00f1os<\/strong>, d<strong>aba a luz por primera vez <\/strong>a su p<strong>rimer osezno <\/strong>tras un<strong> periodo de gestaci\u00f3n de 147 d\u00edas.<\/strong><\/p>\n<p>&nbsp;<\/p>\n","protected":false},"excerpt":{"rendered":"<p>El zoo de Berl\u00edn anunci\u00f3 que la osa panda Meng <a href=\"https:\/\/sertv.gob.pa\/crisolfm\/en-zoo-de-berlin-alemania-nacen-gemelos-panda-en-cautividad\/\"> [&#8230;]<\/a><\/p>\n","protected":false},"author":64,"featured_media":22068,"comment_status":"closed","ping_status":"closed","sticky":false,"template":"","format":"standard","meta":{"footnotes":""},"categories":[7],"tags":[],"class_list":["post-22067","post","type-post","status-publish","format-standard","has-post-thumbnail","hentry","category-ecologicas"],"_links":{"self":[{"href":"https:\/\/sertv.gob.pa\/crisolfm\/wp-json\/wp\/v2\/posts\/22067","targetHints":{"allow":["GET"]}}],"collection":[{"href":"https:\/\/sertv.gob.pa\/crisolfm\/wp-json\/wp\/v2\/posts"}],"about":[{"href":"https:\/\/sertv.gob.pa\/crisolfm\/wp-json\/wp\/v2\/types\/post"}],"author":[{"embeddable":true,"href":"https:\/\/sertv.gob.pa\/crisolfm\/wp-json\/wp\/v2\/users\/64"}],"replies":[{"embeddable":true,"href":"https:\/\/sertv.gob.pa\/crisolfm\/wp-json\/wp\/v2\/comments?post=22067"}],"version-history":[{"count":1,"href":"https:\/\/sertv.gob.pa\/crisolfm\/wp-json\/wp\/v2\/posts\/22067\/revisions"}],"predecessor-version":[{"id":22069,"href":"https:\/\/sertv.gob.pa\/crisolfm\/wp-json\/wp\/v2\/posts\/22067\/revisions\/22069"}],"wp:featuredmedia":[{"embeddable":true,"href":"https:\/\/sertv.gob.pa\/crisolfm\/wp-json\/wp\/v2\/media\/22068"}],"wp:attachment":[{"href":"https:\/\/sertv.gob.pa\/crisolfm\/wp-json\/wp\/v2\/media?parent=22067"}],"wp:term":[{"taxonomy":"category","embeddable":true,"href":"https:\/\/sertv.gob.pa\/crisolfm\/wp-json\/wp\/v2\/categories?post=22067"},{"taxonomy":"post_tag","embeddable":true,"href":"https:\/\/sertv.gob.pa\/crisolfm\/wp-json\/wp\/v2\/tags?post=22067"}],"curies":[{"name":"wp","href":"https:\/\/api.w.org\/{rel}","templated":true}]}}