{"id":22070,"date":"2019-09-05T13:15:28","date_gmt":"2019-09-05T13:15:28","guid":{"rendered":"https:\/\/sertv.gob.pa\/crisolfm\/?p=22070"},"modified":"2019-09-05T13:15:28","modified_gmt":"2019-09-05T13:15:28","slug":"contaminacion-de-los-oceanos-es-preocupante-se-hace-un-llamado-a-tomar-conciencia","status":"publish","type":"post","link":"https:\/\/sertv.gob.pa\/crisolfm\/contaminacion-de-los-oceanos-es-preocupante-se-hace-un-llamado-a-tomar-conciencia\/","title":{"rendered":"Contaminaci\u00f3n de los oc\u00e9anos es preocupante, se hace un llamado a tomar conciencia"},"content":{"rendered":"<p><strong>Informes de la Comisi\u00f3n Europea se\u00f1alan<\/strong> que el 80% de la basura en los oc\u00e9anos es de origen pl\u00e1stico. <strong>Este es uno de los mayores contaminantes de las fuentes de agua dulce y marina a nivel mundial<\/strong>.<\/p>\n<p><strong>Panam\u00e1 celebra\u00a0en este mes de septiembre el Mes de los Oc\u00e9anos<\/strong>, actividad que se realiza desde el a\u00f1o 2005.\u00a0 Ya son 15 a\u00f1os consecutivos en la tarea de fomentar entre los habitantes\u00a0de este pa\u00eds el aprecio por el valor de los oc\u00e9anos y de los recursos y otros beneficios que nos ofrecen. <strong>Como parte de la celebraci\u00f3n se llevan a cabo m\u00faltiples actividades educativas, art\u00edsticas, cient\u00edficas, recreativas y culturales que han contribuido a formar una conciencia ambiental<\/strong>, que nos acerca a nuestro objetivo inicial.<\/p>\n<p>Para este a\u00f1o,\u00a0<strong>el Comit\u00e9 del Mes de los Oc\u00e9anos ha seleccionado el lema \u201cOc\u00e9anos sin Pl\u00e1stico, un Futuro Mejo<\/strong>r\u201d. <strong>El pl\u00e1stico,<\/strong> en efecto, constituye uno de los elementos m\u00e1s lesivos, que contamina y <strong>desmejora notoriamente la salud de nuestros Oc\u00e9anos.<\/strong><\/p>\n<p>&nbsp;<\/p>\n","protected":false},"excerpt":{"rendered":"<p>Informes de la Comisi\u00f3n Europea se\u00f1alan que el 80% de <a href=\"https:\/\/sertv.gob.pa\/crisolfm\/contaminacion-de-los-oceanos-es-preocupante-se-hace-un-llamado-a-tomar-conciencia\/\"> [&#8230;]<\/a><\/p>\n","protected":false},"author":64,"featured_media":22071,"comment_status":"closed","ping_status":"closed","sticky":false,"template":"","format":"standard","meta":{"footnotes":""},"categories":[7],"tags":[],"class_list":["post-22070","post","type-post","status-publish","format-standard","has-post-thumbnail","hentry","category-ecologicas"],"_links":{"self":[{"href":"https:\/\/sertv.gob.pa\/crisolfm\/wp-json\/wp\/v2\/posts\/22070","targetHints":{"allow":["GET"]}}],"collection":[{"href":"https:\/\/sertv.gob.pa\/crisolfm\/wp-json\/wp\/v2\/posts"}],"about":[{"href":"https:\/\/sertv.gob.pa\/crisolfm\/wp-json\/wp\/v2\/types\/post"}],"author":[{"embeddable":true,"href":"https:\/\/sertv.gob.pa\/crisolfm\/wp-json\/wp\/v2\/users\/64"}],"replies":[{"embeddable":true,"href":"https:\/\/sertv.gob.pa\/crisolfm\/wp-json\/wp\/v2\/comments?post=22070"}],"version-history":[{"count":1,"href":"https:\/\/sertv.gob.pa\/crisolfm\/wp-json\/wp\/v2\/posts\/22070\/revisions"}],"predecessor-version":[{"id":22072,"href":"https:\/\/sertv.gob.pa\/crisolfm\/wp-json\/wp\/v2\/posts\/22070\/revisions\/22072"}],"wp:featuredmedia":[{"embeddable":true,"href":"https:\/\/sertv.gob.pa\/crisolfm\/wp-json\/wp\/v2\/media\/22071"}],"wp:attachment":[{"href":"https:\/\/sertv.gob.pa\/crisolfm\/wp-json\/wp\/v2\/media?parent=22070"}],"wp:term":[{"taxonomy":"category","embeddable":true,"href":"https:\/\/sertv.gob.pa\/crisolfm\/wp-json\/wp\/v2\/categories?post=22070"},{"taxonomy":"post_tag","embeddable":true,"href":"https:\/\/sertv.gob.pa\/crisolfm\/wp-json\/wp\/v2\/tags?post=22070"}],"curies":[{"name":"wp","href":"https:\/\/api.w.org\/{rel}","templated":true}]}}