{"id":22080,"date":"2019-09-05T13:40:22","date_gmt":"2019-09-05T13:40:22","guid":{"rendered":"https:\/\/sertv.gob.pa\/crisolfm\/?p=22080"},"modified":"2019-09-05T13:40:22","modified_gmt":"2019-09-05T13:40:22","slug":"festival-icaro-panama-se-consolida","status":"publish","type":"post","link":"https:\/\/sertv.gob.pa\/crisolfm\/festival-icaro-panama-se-consolida\/","title":{"rendered":"Festival \u00cdcaro Panam\u00e1 se consolida"},"content":{"rendered":"<p>Desde hoy y hasta el 13 de septiembre, 14 pel\u00edculas de Costa Rica, Guatemala, Honduras y Nicaragua, as\u00ed como cine local, de Alemania, Colombia, Espa\u00f1a y Puerto Rico se estar\u00e1n presentando en 6 sedes provinciales durante la duod\u00e9cima versi\u00f3n del reconocido Festival \u00cdcaro Panam\u00e1.<\/p>\n<p>Para Enrique King, en representaci\u00f3n del festival, \u2018nuestro pa\u00eds vive una realidad no vista antes en cuanto al desarrollo de sus expresiones culturales y cinematogr\u00e1ficas, especialmente por la creaci\u00f3n del Ministerio de Cultura, hecho trascendental que saludamos con entusiasmo y optimismo, y queremos que el Festival de Cine \u00cdcaro Panam\u00e1 contribuya cada a\u00f1o con m\u00e1s contundencia en este proceso&#8217;.<\/p>\n<p>Las sedes provinciales y fechas ser\u00e1n en Panam\u00e1, septiembre 5 al 13 en el Cine Universitario; del 9 al 13 de septiembre, en el Municipio de Almirante; en Changuinola, en el Centro de Estudios Superiores de Bellas Artes y de Folklore (Cebaf) y el Centro Regional Universitario de Bocas del Toro (Crubo); en David, en el Sistema de Bibliotecas de la Universidad Aut\u00f3noma de Chiriqu\u00ed (Unachi) y en la Escuela Municipal de Bellas Artes del Municipio de David; y en Puerto Armuelles, en el Centro de Estudios Superiores de Bellas Artes Ver\u00edsimo Castillo. Igualmente, en Col\u00f3n, del 10 al 12 de septiembre, se presentar\u00e1n filmes en el Centro Regional Universitario. La entrada ser\u00e1 gratuita en todas las funciones.<\/p>\n<p>&nbsp;<\/p>\n","protected":false},"excerpt":{"rendered":"<p>Desde hoy y hasta el 13 de septiembre, 14 pel\u00edculas <a href=\"https:\/\/sertv.gob.pa\/crisolfm\/festival-icaro-panama-se-consolida\/\"> [&#8230;]<\/a><\/p>\n","protected":false},"author":64,"featured_media":22082,"comment_status":"closed","ping_status":"closed","sticky":false,"template":"","format":"standard","meta":{"footnotes":""},"categories":[6],"tags":[],"class_list":["post-22080","post","type-post","status-publish","format-standard","has-post-thumbnail","hentry","category-culturales"],"_links":{"self":[{"href":"https:\/\/sertv.gob.pa\/crisolfm\/wp-json\/wp\/v2\/posts\/22080","targetHints":{"allow":["GET"]}}],"collection":[{"href":"https:\/\/sertv.gob.pa\/crisolfm\/wp-json\/wp\/v2\/posts"}],"about":[{"href":"https:\/\/sertv.gob.pa\/crisolfm\/wp-json\/wp\/v2\/types\/post"}],"author":[{"embeddable":true,"href":"https:\/\/sertv.gob.pa\/crisolfm\/wp-json\/wp\/v2\/users\/64"}],"replies":[{"embeddable":true,"href":"https:\/\/sertv.gob.pa\/crisolfm\/wp-json\/wp\/v2\/comments?post=22080"}],"version-history":[{"count":1,"href":"https:\/\/sertv.gob.pa\/crisolfm\/wp-json\/wp\/v2\/posts\/22080\/revisions"}],"predecessor-version":[{"id":22083,"href":"https:\/\/sertv.gob.pa\/crisolfm\/wp-json\/wp\/v2\/posts\/22080\/revisions\/22083"}],"wp:featuredmedia":[{"embeddable":true,"href":"https:\/\/sertv.gob.pa\/crisolfm\/wp-json\/wp\/v2\/media\/22082"}],"wp:attachment":[{"href":"https:\/\/sertv.gob.pa\/crisolfm\/wp-json\/wp\/v2\/media?parent=22080"}],"wp:term":[{"taxonomy":"category","embeddable":true,"href":"https:\/\/sertv.gob.pa\/crisolfm\/wp-json\/wp\/v2\/categories?post=22080"},{"taxonomy":"post_tag","embeddable":true,"href":"https:\/\/sertv.gob.pa\/crisolfm\/wp-json\/wp\/v2\/tags?post=22080"}],"curies":[{"name":"wp","href":"https:\/\/api.w.org\/{rel}","templated":true}]}}