{"id":22087,"date":"2019-09-05T14:02:12","date_gmt":"2019-09-05T14:02:12","guid":{"rendered":"https:\/\/sertv.gob.pa\/crisolfm\/?p=22087"},"modified":"2019-09-05T14:02:12","modified_gmt":"2019-09-05T14:02:12","slug":"iii-version-del-campamento-de-canto-coral-y-practica-orquestal","status":"publish","type":"post","link":"https:\/\/sertv.gob.pa\/crisolfm\/iii-version-del-campamento-de-canto-coral-y-practica-orquestal\/","title":{"rendered":"III versi\u00f3n del Campamento de Canto Coral y Pr\u00e1ctica Orquestal"},"content":{"rendered":"<p>Alrededor de 220 j\u00f3venes entre estudiantes y docentes de la Red de Orquesta y Coros Juveniles de Panam\u00e1 se capacitan en la III versi\u00f3n del Campamento de Canto Coral y Pr\u00e1ctica Orquestal, que se realizar\u00e1 hasta el 6 de septiembre, en el Hotel Continental y en la Escuela Belisario Porras. El director de la Red de Orquestas, Dino Nugent, manifest\u00f3 que el crecimiento art\u00edstico es excepcional y sus efectos se extienden m\u00e1s all\u00e1 de la duraci\u00f3n del campamento. \u201cEs una semana en la que docentes y estudiantes conviven en un entorno de camarader\u00eda, se crean nuevas amistades y se desarrolla un sentido de pertenencia\u201d, detall\u00f3 Nugent.<\/p>\n<p>En esta versi\u00f3n participan ni\u00f1os y j\u00f3venes de 11 a 24 a\u00f1os provenientes de: \u00a0Chiriqu\u00ed, Veraguas, Herrera, Los Santos, Cocl\u00e9, Panam\u00e1 Oeste y Panam\u00e1, quienes fueron escogidos por audici\u00f3n y que pertenecen a los distintos programas que conforman la RED como: ni\u00f1os cantores de Panam\u00e1, coro juvenil nacional de Panam\u00e1 y la Orquesta Sinf\u00f3nica Juvenil Nacional.<\/p>\n<p>&nbsp;<\/p>\n","protected":false},"excerpt":{"rendered":"<p>Alrededor de 220 j\u00f3venes entre estudiantes y docentes de la <a href=\"https:\/\/sertv.gob.pa\/crisolfm\/iii-version-del-campamento-de-canto-coral-y-practica-orquestal\/\"> [&#8230;]<\/a><\/p>\n","protected":false},"author":64,"featured_media":22088,"comment_status":"closed","ping_status":"closed","sticky":false,"template":"","format":"standard","meta":{"footnotes":""},"categories":[6],"tags":[],"class_list":["post-22087","post","type-post","status-publish","format-standard","has-post-thumbnail","hentry","category-culturales"],"_links":{"self":[{"href":"https:\/\/sertv.gob.pa\/crisolfm\/wp-json\/wp\/v2\/posts\/22087","targetHints":{"allow":["GET"]}}],"collection":[{"href":"https:\/\/sertv.gob.pa\/crisolfm\/wp-json\/wp\/v2\/posts"}],"about":[{"href":"https:\/\/sertv.gob.pa\/crisolfm\/wp-json\/wp\/v2\/types\/post"}],"author":[{"embeddable":true,"href":"https:\/\/sertv.gob.pa\/crisolfm\/wp-json\/wp\/v2\/users\/64"}],"replies":[{"embeddable":true,"href":"https:\/\/sertv.gob.pa\/crisolfm\/wp-json\/wp\/v2\/comments?post=22087"}],"version-history":[{"count":1,"href":"https:\/\/sertv.gob.pa\/crisolfm\/wp-json\/wp\/v2\/posts\/22087\/revisions"}],"predecessor-version":[{"id":22089,"href":"https:\/\/sertv.gob.pa\/crisolfm\/wp-json\/wp\/v2\/posts\/22087\/revisions\/22089"}],"wp:featuredmedia":[{"embeddable":true,"href":"https:\/\/sertv.gob.pa\/crisolfm\/wp-json\/wp\/v2\/media\/22088"}],"wp:attachment":[{"href":"https:\/\/sertv.gob.pa\/crisolfm\/wp-json\/wp\/v2\/media?parent=22087"}],"wp:term":[{"taxonomy":"category","embeddable":true,"href":"https:\/\/sertv.gob.pa\/crisolfm\/wp-json\/wp\/v2\/categories?post=22087"},{"taxonomy":"post_tag","embeddable":true,"href":"https:\/\/sertv.gob.pa\/crisolfm\/wp-json\/wp\/v2\/tags?post=22087"}],"curies":[{"name":"wp","href":"https:\/\/api.w.org\/{rel}","templated":true}]}}