{"id":22097,"date":"2019-09-05T14:25:33","date_gmt":"2019-09-05T14:25:33","guid":{"rendered":"https:\/\/sertv.gob.pa\/crisolfm\/?p=22097"},"modified":"2019-09-05T14:25:33","modified_gmt":"2019-09-05T14:25:33","slug":"huracan-dorian-podria-haber-costado-a-bahamas-7-mil-millones","status":"publish","type":"post","link":"https:\/\/sertv.gob.pa\/crisolfm\/huracan-dorian-podria-haber-costado-a-bahamas-7-mil-millones\/","title":{"rendered":"Hurac\u00e1n Dorian podr\u00eda haber costado a Bahamas $7 mil millones"},"content":{"rendered":"<p>La devastaci\u00f3n causada por el hurac\u00e1n Dorian en las Bahamas podr\u00eda costarle al pa\u00eds $7 mil millones en p\u00e9rdidas aseguradas y no aseguradas, seg\u00fan una estimaci\u00f3n de la modeladora de riesgo Karen Clark &amp; Co.\u00a0 La estimaci\u00f3n preliminar suma da\u00f1os a propiedades comerciales, residenciales e industriales, as\u00ed como gastos de trastornos de negocios, dijo la compa\u00f1\u00eda en un informe el jueves.\u00a0 La cifra no incluye p\u00e9rdidas de veh\u00edculos ni da\u00f1os a la infraestructura.<\/p>\n<p>Dorian devast\u00f3 las Bahamas como una tormenta de categor\u00eda 5, causando la muerte de al menos 20 personas en la isla de \u00c1baco, y llega a las Carolinas con categor\u00eda 3.\u00a0 La mayor parte del da\u00f1o en las Bahamas ocurri\u00f3 en \u00c1baco y Gran Bahama, seg\u00fan Karen Clark.<\/p>\n<p>\u00abDorian pasar\u00e1 a la historia como la peor cat\u00e1strofe en esta regi\u00f3n, no solo por la velocidad del viento m\u00e1s alta registrada en el Atl\u00e1ntico Norte, sino tambi\u00e9n porque la tormenta se estanc\u00f3 en \u00c1baco y Gran Bahama durante m\u00e1s de 24 horas\u00bb, dijo Karen Clark en su informe.<\/p>\n<p>AFP<\/p>\n","protected":false},"excerpt":{"rendered":"<p>La devastaci\u00f3n causada por el hurac\u00e1n Dorian en las Bahamas <a href=\"https:\/\/sertv.gob.pa\/crisolfm\/huracan-dorian-podria-haber-costado-a-bahamas-7-mil-millones\/\"> [&#8230;]<\/a><\/p>\n","protected":false},"author":64,"featured_media":22098,"comment_status":"closed","ping_status":"closed","sticky":false,"template":"","format":"standard","meta":{"footnotes":""},"categories":[7],"tags":[],"class_list":["post-22097","post","type-post","status-publish","format-standard","has-post-thumbnail","hentry","category-ecologicas"],"_links":{"self":[{"href":"https:\/\/sertv.gob.pa\/crisolfm\/wp-json\/wp\/v2\/posts\/22097","targetHints":{"allow":["GET"]}}],"collection":[{"href":"https:\/\/sertv.gob.pa\/crisolfm\/wp-json\/wp\/v2\/posts"}],"about":[{"href":"https:\/\/sertv.gob.pa\/crisolfm\/wp-json\/wp\/v2\/types\/post"}],"author":[{"embeddable":true,"href":"https:\/\/sertv.gob.pa\/crisolfm\/wp-json\/wp\/v2\/users\/64"}],"replies":[{"embeddable":true,"href":"https:\/\/sertv.gob.pa\/crisolfm\/wp-json\/wp\/v2\/comments?post=22097"}],"version-history":[{"count":1,"href":"https:\/\/sertv.gob.pa\/crisolfm\/wp-json\/wp\/v2\/posts\/22097\/revisions"}],"predecessor-version":[{"id":22099,"href":"https:\/\/sertv.gob.pa\/crisolfm\/wp-json\/wp\/v2\/posts\/22097\/revisions\/22099"}],"wp:featuredmedia":[{"embeddable":true,"href":"https:\/\/sertv.gob.pa\/crisolfm\/wp-json\/wp\/v2\/media\/22098"}],"wp:attachment":[{"href":"https:\/\/sertv.gob.pa\/crisolfm\/wp-json\/wp\/v2\/media?parent=22097"}],"wp:term":[{"taxonomy":"category","embeddable":true,"href":"https:\/\/sertv.gob.pa\/crisolfm\/wp-json\/wp\/v2\/categories?post=22097"},{"taxonomy":"post_tag","embeddable":true,"href":"https:\/\/sertv.gob.pa\/crisolfm\/wp-json\/wp\/v2\/tags?post=22097"}],"curies":[{"name":"wp","href":"https:\/\/api.w.org\/{rel}","templated":true}]}}