{"id":22106,"date":"2019-09-05T18:01:54","date_gmt":"2019-09-05T18:01:54","guid":{"rendered":"https:\/\/sertv.gob.pa\/crisolfm\/?p=22106"},"modified":"2019-09-05T18:01:54","modified_gmt":"2019-09-05T18:01:54","slug":"educacion-ambiental-sera-incluida-en-planes-de-estudios","status":"publish","type":"post","link":"https:\/\/sertv.gob.pa\/crisolfm\/educacion-ambiental-sera-incluida-en-planes-de-estudios\/","title":{"rendered":"Educaci\u00f3n ambiental ser\u00e1 incluida en planes de estudios"},"content":{"rendered":"<p><strong>La educaci\u00f3n ambiental podr\u00eda ser incluida dentro del plan del Ministerio de Educaci\u00f3n <\/strong>en los pr\u00f3ximos cambios que se hagan, tanto para escuelas oficiales como particulares.<\/p>\n<p>Esta acci\u00f3n es uno de<strong> los principales objetivos del ministro de Ambiente, Milc\u00edades Concepci\u00f3n, quien ya anunci\u00f3 que se est\u00e1n efectuando trabajos para llegar hasta las escuelas de forma integral<\/strong>.<\/p>\n<p>Todo se trata de <strong>un programa de reestructuraci\u00f3n, donde se incluir\u00e1 educaci\u00f3n ambiental,\u00a0a fin de que estudiantes de todo el pa\u00eds tengan conocimiento sobre el valor de proteger y conservar el ambiente<\/strong>.<\/p>\n<p>\u00abEstamos dise\u00f1ando <strong>un programa agresivo de educaci\u00f3n ambiental con alcaldes y vamos a iniciar\u00a0en las pr\u00f3ximas semanas en la capital\u00bb, acot\u00f3 el ministro Milciades Concepci\u00f3n<\/strong>.<\/p>\n<p>Luego de empezar con el piloto de educaci\u00f3n ambiental en la ciudad, <strong>se pretende organizar un proyecto para el interior del pa\u00eds, por medio de las 14 direcciones regionales del ministerio<\/strong>.<\/p>\n","protected":false},"excerpt":{"rendered":"<p>La educaci\u00f3n ambiental podr\u00eda ser incluida dentro del plan del <a href=\"https:\/\/sertv.gob.pa\/crisolfm\/educacion-ambiental-sera-incluida-en-planes-de-estudios\/\"> [&#8230;]<\/a><\/p>\n","protected":false},"author":64,"featured_media":22107,"comment_status":"closed","ping_status":"closed","sticky":false,"template":"","format":"standard","meta":{"footnotes":""},"categories":[7],"tags":[],"class_list":["post-22106","post","type-post","status-publish","format-standard","has-post-thumbnail","hentry","category-ecologicas"],"_links":{"self":[{"href":"https:\/\/sertv.gob.pa\/crisolfm\/wp-json\/wp\/v2\/posts\/22106","targetHints":{"allow":["GET"]}}],"collection":[{"href":"https:\/\/sertv.gob.pa\/crisolfm\/wp-json\/wp\/v2\/posts"}],"about":[{"href":"https:\/\/sertv.gob.pa\/crisolfm\/wp-json\/wp\/v2\/types\/post"}],"author":[{"embeddable":true,"href":"https:\/\/sertv.gob.pa\/crisolfm\/wp-json\/wp\/v2\/users\/64"}],"replies":[{"embeddable":true,"href":"https:\/\/sertv.gob.pa\/crisolfm\/wp-json\/wp\/v2\/comments?post=22106"}],"version-history":[{"count":1,"href":"https:\/\/sertv.gob.pa\/crisolfm\/wp-json\/wp\/v2\/posts\/22106\/revisions"}],"predecessor-version":[{"id":22108,"href":"https:\/\/sertv.gob.pa\/crisolfm\/wp-json\/wp\/v2\/posts\/22106\/revisions\/22108"}],"wp:featuredmedia":[{"embeddable":true,"href":"https:\/\/sertv.gob.pa\/crisolfm\/wp-json\/wp\/v2\/media\/22107"}],"wp:attachment":[{"href":"https:\/\/sertv.gob.pa\/crisolfm\/wp-json\/wp\/v2\/media?parent=22106"}],"wp:term":[{"taxonomy":"category","embeddable":true,"href":"https:\/\/sertv.gob.pa\/crisolfm\/wp-json\/wp\/v2\/categories?post=22106"},{"taxonomy":"post_tag","embeddable":true,"href":"https:\/\/sertv.gob.pa\/crisolfm\/wp-json\/wp\/v2\/tags?post=22106"}],"curies":[{"name":"wp","href":"https:\/\/api.w.org\/{rel}","templated":true}]}}