{"id":22112,"date":"2019-09-06T13:23:17","date_gmt":"2019-09-06T13:23:17","guid":{"rendered":"https:\/\/sertv.gob.pa\/crisolfm\/?p=22112"},"modified":"2019-09-06T13:23:17","modified_gmt":"2019-09-06T13:23:17","slug":"dorian-se-degrada-pero-persiste-amenaza-en-avance-hacia-carolina-del-norte","status":"publish","type":"post","link":"https:\/\/sertv.gob.pa\/crisolfm\/dorian-se-degrada-pero-persiste-amenaza-en-avance-hacia-carolina-del-norte\/","title":{"rendered":"Dorian se degrada, pero persiste amenaza en avance hacia Carolina del Norte"},"content":{"rendered":"<p>El hurac\u00e1n Dorian se debilit\u00f3 a categor\u00eda 1 en la madrugada de este viernes, pero sigue siendo \u00abpoderoso\u00bb, en su lento avance por la costa este de Estados Unidos, tras haber arrasado las islas Bahamas donde dej\u00f3 al menos 30 muertos y miles de personas sin hogar. Seg\u00fan el Centro Nacional de Huracanes (NHC), Dorian avanza con vientos de 150 km\/h y \u00abse espera un lento debilitamiento en los pr\u00f3ximos d\u00edas\u00bb, aunque \u00abdeber\u00eda seguir siendo un poderoso hurac\u00e1n a medida que su centro se desplace cerca o a lo largo de la costa de Carolina del Norte\u00bb.<\/p>\n<p>La monstruosa tormenta, que fue degradada a hurac\u00e1n de categor\u00eda 1, desat\u00f3 varios tornados en el sureste estadounidense de los que no se reportaron v\u00edctimas. \u00abSabemos que nos espera una larga noche y que estaremos deseosos de ver el sol por la ma\u00f1ana\u00bb, dijo Roy Cooper, gobernador de Carolina del Norte, a la CNN.<\/p>\n<p>AFP<\/p>\n","protected":false},"excerpt":{"rendered":"<p>El hurac\u00e1n Dorian se debilit\u00f3 a categor\u00eda 1 en la <a href=\"https:\/\/sertv.gob.pa\/crisolfm\/dorian-se-degrada-pero-persiste-amenaza-en-avance-hacia-carolina-del-norte\/\"> [&#8230;]<\/a><\/p>\n","protected":false},"author":64,"featured_media":22113,"comment_status":"closed","ping_status":"closed","sticky":false,"template":"","format":"standard","meta":{"footnotes":""},"categories":[7],"tags":[],"class_list":["post-22112","post","type-post","status-publish","format-standard","has-post-thumbnail","hentry","category-ecologicas"],"_links":{"self":[{"href":"https:\/\/sertv.gob.pa\/crisolfm\/wp-json\/wp\/v2\/posts\/22112","targetHints":{"allow":["GET"]}}],"collection":[{"href":"https:\/\/sertv.gob.pa\/crisolfm\/wp-json\/wp\/v2\/posts"}],"about":[{"href":"https:\/\/sertv.gob.pa\/crisolfm\/wp-json\/wp\/v2\/types\/post"}],"author":[{"embeddable":true,"href":"https:\/\/sertv.gob.pa\/crisolfm\/wp-json\/wp\/v2\/users\/64"}],"replies":[{"embeddable":true,"href":"https:\/\/sertv.gob.pa\/crisolfm\/wp-json\/wp\/v2\/comments?post=22112"}],"version-history":[{"count":1,"href":"https:\/\/sertv.gob.pa\/crisolfm\/wp-json\/wp\/v2\/posts\/22112\/revisions"}],"predecessor-version":[{"id":22114,"href":"https:\/\/sertv.gob.pa\/crisolfm\/wp-json\/wp\/v2\/posts\/22112\/revisions\/22114"}],"wp:featuredmedia":[{"embeddable":true,"href":"https:\/\/sertv.gob.pa\/crisolfm\/wp-json\/wp\/v2\/media\/22113"}],"wp:attachment":[{"href":"https:\/\/sertv.gob.pa\/crisolfm\/wp-json\/wp\/v2\/media?parent=22112"}],"wp:term":[{"taxonomy":"category","embeddable":true,"href":"https:\/\/sertv.gob.pa\/crisolfm\/wp-json\/wp\/v2\/categories?post=22112"},{"taxonomy":"post_tag","embeddable":true,"href":"https:\/\/sertv.gob.pa\/crisolfm\/wp-json\/wp\/v2\/tags?post=22112"}],"curies":[{"name":"wp","href":"https:\/\/api.w.org\/{rel}","templated":true}]}}